{"id":99681,"date":"2026-09-03T09:53:26","date_gmt":"2026-09-03T07:53:26","guid":{"rendered":"https:\/\/progettotouring.it\/radiotouring104\/?p=99681"},"modified":"2026-09-03T09:53:26","modified_gmt":"2026-09-03T07:53:26","slug":"reggio-la-camera-penale-in-visita-ai-detenuti-delle-carceri-di-arghilla-e-san-pietro","status":"publish","type":"post","link":"https:\/\/progettotouring.it\/radiotouring104\/2026\/09\/03\/reggio-la-camera-penale-in-visita-ai-detenuti-delle-carceri-di-arghilla-e-san-pietro\/","title":{"rendered":"Reggio: la Camera Penale in visita ai detenuti delle carceri di Arghill\u00e0 e &#8220;San Pietro&#8221;"},"content":{"rendered":"<p>L&#8217;ultimo giorno di agosto, una delegazione della Camera Penale reggina ha visitato gli istituti penitenziari di Arghill\u00e0 e San Pietro, nel territorio reggino, nell&#8217;ambito dell&#8217;iniziativa nazionale &#8220;Ristretti in agosto&#8221;, promossa dall&#8217;Osservatorio Carcere dell&#8217;Unione delle Camere Penali Italiane.<\/p>\n<p>La scelta del mese di agosto non \u00e8 casuale. \u00c8 proprio in estate, e soprattutto nei periodi di caldo pi\u00f9 intenso, che le difficolt\u00e0 della vita detentiva si acuiscono. Le alte temperature rendono ancora pi\u00f9 gravose le condizioni di permanenza all&#8217;interno delle strutture e aggravano criticit\u00e0 gi\u00e0 note, in primis l&#8217;emergenza idrica, con ricadute dirette sulla quotidianit\u00e0 delle persone detenute e, di riflesso, del personale penitenziario.<\/p>\n<p>La delegazione era composta da sedici avvocati della Camera Penale, tra cui il Presidente, i componenti del Direttivo, il Coordinatore degli Osservatori, il Responsabile e i membri dell&#8217;Osservatorio Carcere. Durante la visita, il direttore degli istituti, dott. Rosario Tortorella, ha accompagnato i penalisti illustrando i progetti gi\u00e0 realizzati e quelli in fase di avvio, gli impegni assunti e le principali problematiche che caratterizzano la vita degli istituti reggini.<\/p>\n<p>La visita ha permesso di ascoltare, osservare e incontrare detenuti e operatori, nel tentativo di comprendere pi\u00f9 da vicino una realt\u00e0 che ai pi\u00f9 appare distante ed estranea. Conoscere il carcere significa infatti superare quella distanza, spesso alimentata dall&#8217;indifferenza o da una rappresentazione parziale del fenomeno penitenziario, e riconoscere che l&#8217;universo carcerario non \u00e8, e non pu\u00f2 essere, un corpo estraneo alla societ\u00e0 civile. Il carcere deve essere parte integrante della comunit\u00e0. I diritti delle persone private della libert\u00e0, la tutela della dignit\u00e0 delle donne e degli uomini reclusi e la sicurezza del personale penitenziario devono rappresentare obiettivi primari e non negoziabili in uno Stato di diritto.<\/p>\n<p>La salvaguardia di queste garanzie non pu\u00f2 essere affidata soltanto alla sensibilit\u00e0 individuale, ma deve costituire una responsabilit\u00e0 istituzionale e collettiva.In questo scenario, la Camera Penale non pu\u00f2 non esercitare il ruolo di sentinella delle garanzie e dei diritti fondamentali. Visitare un istituto penitenziario significa scegliere di portare all&#8217;esterno visibilit\u00e0, attenzione e consapevolezza su ci\u00f2 che accade al suo interno. Significa dare voce a una realt\u00e0 che rischia di restare confinata dietro le sbarre e che, invece, riguarda l&#8217;intera collettivit\u00e0.<\/p>\n<p>La visita agli istituti di Arghill\u00e0 e San Pietro ha consentito di raccogliere elementi concreti sulle condizioni di vita detentiva e di confrontarsi direttamente con chi vive e lavora ogni giorno negli istituti. \u00c8 necessario ascoltare, comprendere e segnalare le criticit\u00e0, ma anche riconoscere e valorizzare l&#8217;impegno quotidiano di tutti gli operatori penitenziari, un impegno che a Reggio Calabria la delegazione ha potuto constatare direttamente.<\/p>\n<p>Allo stesso tempo, occorre constatare e valorizzare la resilienza della popolazione detenuta, che affronta con dignit\u00e0 una condizione segnata da limitazioni, sofferenze e disagi propri della detenzione, ma che non pu\u00f2 mai tradursi nella perdita dei diritti fondamentali n\u00e9 nella compressione della dignit\u00e0 personale.<\/p>\n<p>La vita carceraria deve tornare al centro del dibattito politico e istituzionale.<\/p>\n","protected":false},"excerpt":{"rendered":"<p>L&#8217;ultimo giorno di agosto, una delegazione della Camera Penale reggina ha visitato gli istituti penitenziari di Arghill\u00e0 e San Pietro, nel territorio reggino, nell&#8217;ambito dell&#8217;iniziativa nazionale &#8220;Ristretti in agosto&#8221;, promossa&hellip;<\/p>\n","protected":false},"author":12,"featured_media":33117,"comment_status":"closed","ping_status":"open","sticky":false,"template":"","format":"standard","meta":{"_jetpack_newsletter_access":"","_jetpack_dont_email_post_to_subs":false,"_jetpack_newsletter_tier_id":0,"_jetpack_memberships_contains_paywalled_content":false,"_jetpack_feature_clip_id":0,"_jetpack_memberships_contains_paid_content":false,"footnotes":"","jetpack_publicize_message":"","jetpack_publicize_feature_enabled":true,"jetpack_social_post_already_shared":true,"jetpack_social_options":{"image_generator_settings":{"template":"highway","default_image_id":0,"font":"","enabled":false},"version":2},"jetpack_post_was_ever_published":false},"categories":[921,150,196,140],"tags":[33353,19190,48398,56240,56242,56241,8379],"class_list":["post-99681","post","type-post","status-publish","format-standard","has-post-thumbnail","hentry","category-home","category-in-primo-piano","category-news","category-reggio-calabria","tag-camera-penale-di-reggio-calabria","tag-carcere-di-arghilla","tag-carcere-di-reggio-calabria-san-pietro","tag-iniziativa-nazionale-ristretti-in-agosto","tag-osservatorio-carcere-dellucpi","tag-riscontro-sara-dettagliatamente-relazionato-a-politica-e-istituzioni","tag-visita"],"yoast_head":"<!-- This site is optimized with the Yoast SEO plugin v28.3 - https:\/\/yoast.com\/product\/yoast-seo-wordpress\/ -->\n<title>La Camera Penale Rc visita i detenuti di Arghill\u00e0 e San Pietro<\/title>\n<meta name=\"description\" content=\"La visita rientra nell&#039;iniziativa nazionale \u201cRistretti in agosto\u201d. Il riscontro sar\u00e0 dettagliatamente relazionato a politica e istituzioni\" \/>\n<meta name=\"robots\" content=\"index, follow, max-snippet:-1, max-image-preview:large, max-video-preview:-1\" \/>\n<link rel=\"canonical\" href=\"https:\/\/progettotouring.it\/radiotouring104\/2026\/09\/03\/reggio-la-camera-penale-in-visita-ai-detenuti-delle-carceri-di-arghilla-e-san-pietro\/\" \/>\n<meta property=\"og:locale\" content=\"it_IT\" \/>\n<meta property=\"og:type\" content=\"article\" \/>\n<meta property=\"og:title\" content=\"La Camera Penale Rc visita i detenuti di Arghill\u00e0 e San Pietro\" \/>\n<meta property=\"og:description\" content=\"La visita rientra nell&#039;iniziativa nazionale \u201cRistretti in agosto\u201d. Il riscontro sar\u00e0 dettagliatamente relazionato a politica e istituzioni\" \/>\n<meta property=\"og:url\" content=\"https:\/\/progettotouring.it\/radiotouring104\/2026\/09\/03\/reggio-la-camera-penale-in-visita-ai-detenuti-delle-carceri-di-arghilla-e-san-pietro\/\" \/>\n<meta property=\"og:site_name\" content=\"Radio Touring 104\" \/>\n<meta property=\"article:published_time\" content=\"2026-09-03T07:53:26+00:00\" \/>\n<meta property=\"og:image\" content=\"https:\/\/progettotouring.it\/radiotouring104\/wp-content\/uploads\/sites\/6\/2023\/08\/Carcere-Arghilla.jpg\" \/>\n\t<meta property=\"og:image:width\" content=\"774\" \/>\n\t<meta property=\"og:image:height\" content=\"516\" \/>\n\t<meta property=\"og:image:type\" content=\"image\/jpeg\" \/>\n<meta name=\"author\" content=\"Sebastiano Plutino\" \/>\n<meta name=\"twitter:card\" content=\"summary_large_image\" \/>\n<meta name=\"twitter:label1\" content=\"Scritto da\" \/>\n\t<meta name=\"twitter:data1\" content=\"Sebastiano Plutino\" \/>\n\t<meta name=\"twitter:label2\" content=\"Tempo di lettura stimato\" \/>\n\t<meta name=\"twitter:data2\" content=\"2 minuti\" \/>\n<script type=\"application\/ld+json\" class=\"yoast-schema-graph\">{\"@context\":\"https:\\\/\\\/schema.org\",\"@graph\":[{\"@type\":\"Article\",\"@id\":\"https:\\\/\\\/progettotouring.it\\\/radiotouring104\\\/2026\\\/09\\\/03\\\/reggio-la-camera-penale-in-visita-ai-detenuti-delle-carceri-di-arghilla-e-san-pietro\\\/#article\",\"isPartOf\":{\"@id\":\"https:\\\/\\\/progettotouring.it\\\/radiotouring104\\\/2026\\\/09\\\/03\\\/reggio-la-camera-penale-in-visita-ai-detenuti-delle-carceri-di-arghilla-e-san-pietro\\\/\"},\"author\":{\"name\":\"Sebastiano Plutino\",\"@id\":\"https:\\\/\\\/progettotouring.it\\\/radiotouring104\\\/#\\\/schema\\\/person\\\/78613917f1851f041f7483f5af1d422e\"},\"headline\":\"Reggio: la Camera Penale in visita ai detenuti delle carceri di Arghill\u00e0 e &#8220;San Pietro&#8221;\",\"datePublished\":\"2026-09-03T07:53:26+00:00\",\"mainEntityOfPage\":{\"@id\":\"https:\\\/\\\/progettotouring.it\\\/radiotouring104\\\/2026\\\/09\\\/03\\\/reggio-la-camera-penale-in-visita-ai-detenuti-delle-carceri-di-arghilla-e-san-pietro\\\/\"},\"wordCount\":491,\"publisher\":{\"@id\":\"https:\\\/\\\/progettotouring.it\\\/radiotouring104\\\/#organization\"},\"image\":{\"@id\":\"https:\\\/\\\/progettotouring.it\\\/radiotouring104\\\/2026\\\/09\\\/03\\\/reggio-la-camera-penale-in-visita-ai-detenuti-delle-carceri-di-arghilla-e-san-pietro\\\/#primaryimage\"},\"thumbnailUrl\":\"https:\\\/\\\/progettotouring.it\\\/radiotouring104\\\/wp-content\\\/uploads\\\/sites\\\/6\\\/2023\\\/08\\\/Carcere-Arghilla.jpg\",\"keywords\":[\"camera penale di Reggio Calabria\",\"carcere di Arghill\u00e0\",\"carcere di Reggio Calabria - San Pietro\",\"iniziativa nazionale ristretti in agosto\",\"Osservatorio Carcere dell\u2019Ucpi\",\"riscontro sar\u00e0 dettagliatamente relazionato a politica e istituzioni\",\"visita\"],\"articleSection\":[\"Home\",\"In primo piano\",\"News\",\"Reggio Calabria\"],\"inLanguage\":\"it-IT\"},{\"@type\":\"WebPage\",\"@id\":\"https:\\\/\\\/progettotouring.it\\\/radiotouring104\\\/2026\\\/09\\\/03\\\/reggio-la-camera-penale-in-visita-ai-detenuti-delle-carceri-di-arghilla-e-san-pietro\\\/\",\"url\":\"https:\\\/\\\/progettotouring.it\\\/radiotouring104\\\/2026\\\/09\\\/03\\\/reggio-la-camera-penale-in-visita-ai-detenuti-delle-carceri-di-arghilla-e-san-pietro\\\/\",\"name\":\"La Camera Penale Rc visita i detenuti di Arghill\u00e0 e San Pietro\",\"isPartOf\":{\"@id\":\"https:\\\/\\\/progettotouring.it\\\/radiotouring104\\\/#website\"},\"primaryImageOfPage\":{\"@id\":\"https:\\\/\\\/progettotouring.it\\\/radiotouring104\\\/2026\\\/09\\\/03\\\/reggio-la-camera-penale-in-visita-ai-detenuti-delle-carceri-di-arghilla-e-san-pietro\\\/#primaryimage\"},\"image\":{\"@id\":\"https:\\\/\\\/progettotouring.it\\\/radiotouring104\\\/2026\\\/09\\\/03\\\/reggio-la-camera-penale-in-visita-ai-detenuti-delle-carceri-di-arghilla-e-san-pietro\\\/#primaryimage\"},\"thumbnailUrl\":\"https:\\\/\\\/progettotouring.it\\\/radiotouring104\\\/wp-content\\\/uploads\\\/sites\\\/6\\\/2023\\\/08\\\/Carcere-Arghilla.jpg\",\"datePublished\":\"2026-09-03T07:53:26+00:00\",\"description\":\"La visita rientra nell'iniziativa nazionale \u201cRistretti in agosto\u201d. Il riscontro sar\u00e0 dettagliatamente relazionato a politica e istituzioni\",\"breadcrumb\":{\"@id\":\"https:\\\/\\\/progettotouring.it\\\/radiotouring104\\\/2026\\\/09\\\/03\\\/reggio-la-camera-penale-in-visita-ai-detenuti-delle-carceri-di-arghilla-e-san-pietro\\\/#breadcrumb\"},\"inLanguage\":\"it-IT\",\"potentialAction\":[{\"@type\":\"ReadAction\",\"target\":[\"https:\\\/\\\/progettotouring.it\\\/radiotouring104\\\/2026\\\/09\\\/03\\\/reggio-la-camera-penale-in-visita-ai-detenuti-delle-carceri-di-arghilla-e-san-pietro\\\/\"]}]},{\"@type\":\"ImageObject\",\"inLanguage\":\"it-IT\",\"@id\":\"https:\\\/\\\/progettotouring.it\\\/radiotouring104\\\/2026\\\/09\\\/03\\\/reggio-la-camera-penale-in-visita-ai-detenuti-delle-carceri-di-arghilla-e-san-pietro\\\/#primaryimage\",\"url\":\"https:\\\/\\\/progettotouring.it\\\/radiotouring104\\\/wp-content\\\/uploads\\\/sites\\\/6\\\/2023\\\/08\\\/Carcere-Arghilla.jpg\",\"contentUrl\":\"https:\\\/\\\/progettotouring.it\\\/radiotouring104\\\/wp-content\\\/uploads\\\/sites\\\/6\\\/2023\\\/08\\\/Carcere-Arghilla.jpg\",\"width\":774,\"height\":516},{\"@type\":\"BreadcrumbList\",\"@id\":\"https:\\\/\\\/progettotouring.it\\\/radiotouring104\\\/2026\\\/09\\\/03\\\/reggio-la-camera-penale-in-visita-ai-detenuti-delle-carceri-di-arghilla-e-san-pietro\\\/#breadcrumb\",\"itemListElement\":[{\"@type\":\"ListItem\",\"position\":1,\"name\":\"Home\",\"item\":\"https:\\\/\\\/progettotouring.it\\\/radiotouring104\\\/\"},{\"@type\":\"ListItem\",\"position\":2,\"name\":\"Reggio: la Camera Penale in visita ai detenuti delle carceri di Arghill\u00e0 e &#8220;San Pietro&#8221;\"}]},{\"@type\":\"WebSite\",\"@id\":\"https:\\\/\\\/progettotouring.it\\\/radiotouring104\\\/#website\",\"url\":\"https:\\\/\\\/progettotouring.it\\\/radiotouring104\\\/\",\"name\":\"Radio Touring 104\",\"description\":\"La prima radio Reggina\",\"publisher\":{\"@id\":\"https:\\\/\\\/progettotouring.it\\\/radiotouring104\\\/#organization\"},\"potentialAction\":[{\"@type\":\"SearchAction\",\"target\":{\"@type\":\"EntryPoint\",\"urlTemplate\":\"https:\\\/\\\/progettotouring.it\\\/radiotouring104\\\/?s={search_term_string}\"},\"query-input\":{\"@type\":\"PropertyValueSpecification\",\"valueRequired\":true,\"valueName\":\"search_term_string\"}}],\"inLanguage\":\"it-IT\"},{\"@type\":\"Organization\",\"@id\":\"https:\\\/\\\/progettotouring.it\\\/radiotouring104\\\/#organization\",\"name\":\"Radio Touring 104\",\"url\":\"https:\\\/\\\/progettotouring.it\\\/radiotouring104\\\/\",\"logo\":{\"@type\":\"ImageObject\",\"inLanguage\":\"it-IT\",\"@id\":\"https:\\\/\\\/progettotouring.it\\\/radiotouring104\\\/#\\\/schema\\\/logo\\\/image\\\/\",\"url\":\"https:\\\/\\\/progettotouring.it\\\/radiotouring104\\\/wp-content\\\/uploads\\\/sites\\\/6\\\/2022\\\/02\\\/cropped-logo-radio-touring-104.png\",\"contentUrl\":\"https:\\\/\\\/progettotouring.it\\\/radiotouring104\\\/wp-content\\\/uploads\\\/sites\\\/6\\\/2022\\\/02\\\/cropped-logo-radio-touring-104.png\",\"width\":377,\"height\":182,\"caption\":\"Radio Touring 104\"},\"image\":{\"@id\":\"https:\\\/\\\/progettotouring.it\\\/radiotouring104\\\/#\\\/schema\\\/logo\\\/image\\\/\"}},{\"@type\":\"Person\",\"@id\":\"https:\\\/\\\/progettotouring.it\\\/radiotouring104\\\/#\\\/schema\\\/person\\\/78613917f1851f041f7483f5af1d422e\",\"name\":\"Sebastiano Plutino\",\"image\":{\"@type\":\"ImageObject\",\"inLanguage\":\"it-IT\",\"@id\":\"https:\\\/\\\/secure.gravatar.com\\\/avatar\\\/0546ffaa9b79224faf9f2a156b67a529ae861d3287c66c1d8ccfdf909bcba78d?s=96&d=mm&r=g\",\"url\":\"https:\\\/\\\/secure.gravatar.com\\\/avatar\\\/0546ffaa9b79224faf9f2a156b67a529ae861d3287c66c1d8ccfdf909bcba78d?s=96&d=mm&r=g\",\"contentUrl\":\"https:\\\/\\\/secure.gravatar.com\\\/avatar\\\/0546ffaa9b79224faf9f2a156b67a529ae861d3287c66c1d8ccfdf909bcba78d?s=96&d=mm&r=g\",\"caption\":\"Sebastiano Plutino\"},\"url\":\"https:\\\/\\\/progettotouring.it\\\/radiotouring104\\\/author\\\/sebastiano\\\/\"}]}<\/script>\n<!-- \/ Yoast SEO plugin. -->","yoast_head_json":{"title":"La Camera Penale Rc visita i detenuti di Arghill\u00e0 e San Pietro","description":"La visita rientra nell'iniziativa nazionale \u201cRistretti in agosto\u201d. Il riscontro sar\u00e0 dettagliatamente relazionato a politica e istituzioni","robots":{"index":"index","follow":"follow","max-snippet":"max-snippet:-1","max-image-preview":"max-image-preview:large","max-video-preview":"max-video-preview:-1"},"canonical":"https:\/\/progettotouring.it\/radiotouring104\/2026\/09\/03\/reggio-la-camera-penale-in-visita-ai-detenuti-delle-carceri-di-arghilla-e-san-pietro\/","og_locale":"it_IT","og_type":"article","og_title":"La Camera Penale Rc visita i detenuti di Arghill\u00e0 e San Pietro","og_description":"La visita rientra nell'iniziativa nazionale \u201cRistretti in agosto\u201d. Il riscontro sar\u00e0 dettagliatamente relazionato a politica e istituzioni","og_url":"https:\/\/progettotouring.it\/radiotouring104\/2026\/09\/03\/reggio-la-camera-penale-in-visita-ai-detenuti-delle-carceri-di-arghilla-e-san-pietro\/","og_site_name":"Radio Touring 104","article_published_time":"2026-09-03T07:53:26+00:00","og_image":[{"width":774,"height":516,"url":"https:\/\/progettotouring.it\/radiotouring104\/wp-content\/uploads\/sites\/6\/2023\/08\/Carcere-Arghilla.jpg","type":"image\/jpeg"}],"author":"Sebastiano Plutino","twitter_card":"summary_large_image","twitter_misc":{"Scritto da":"Sebastiano Plutino","Tempo di lettura stimato":"2 minuti"},"schema":{"@context":"https:\/\/schema.org","@graph":[{"@type":"Article","@id":"https:\/\/progettotouring.it\/radiotouring104\/2026\/09\/03\/reggio-la-camera-penale-in-visita-ai-detenuti-delle-carceri-di-arghilla-e-san-pietro\/#article","isPartOf":{"@id":"https:\/\/progettotouring.it\/radiotouring104\/2026\/09\/03\/reggio-la-camera-penale-in-visita-ai-detenuti-delle-carceri-di-arghilla-e-san-pietro\/"},"author":{"name":"Sebastiano Plutino","@id":"https:\/\/progettotouring.it\/radiotouring104\/#\/schema\/person\/78613917f1851f041f7483f5af1d422e"},"headline":"Reggio: la Camera Penale in visita ai detenuti delle carceri di Arghill\u00e0 e &#8220;San Pietro&#8221;","datePublished":"2026-09-03T07:53:26+00:00","mainEntityOfPage":{"@id":"https:\/\/progettotouring.it\/radiotouring104\/2026\/09\/03\/reggio-la-camera-penale-in-visita-ai-detenuti-delle-carceri-di-arghilla-e-san-pietro\/"},"wordCount":491,"publisher":{"@id":"https:\/\/progettotouring.it\/radiotouring104\/#organization"},"image":{"@id":"https:\/\/progettotouring.it\/radiotouring104\/2026\/09\/03\/reggio-la-camera-penale-in-visita-ai-detenuti-delle-carceri-di-arghilla-e-san-pietro\/#primaryimage"},"thumbnailUrl":"https:\/\/progettotouring.it\/radiotouring104\/wp-content\/uploads\/sites\/6\/2023\/08\/Carcere-Arghilla.jpg","keywords":["camera penale di Reggio Calabria","carcere di Arghill\u00e0","carcere di Reggio Calabria - San Pietro","iniziativa nazionale ristretti in agosto","Osservatorio Carcere dell\u2019Ucpi","riscontro sar\u00e0 dettagliatamente relazionato a politica e istituzioni","visita"],"articleSection":["Home","In primo piano","News","Reggio Calabria"],"inLanguage":"it-IT"},{"@type":"WebPage","@id":"https:\/\/progettotouring.it\/radiotouring104\/2026\/09\/03\/reggio-la-camera-penale-in-visita-ai-detenuti-delle-carceri-di-arghilla-e-san-pietro\/","url":"https:\/\/progettotouring.it\/radiotouring104\/2026\/09\/03\/reggio-la-camera-penale-in-visita-ai-detenuti-delle-carceri-di-arghilla-e-san-pietro\/","name":"La Camera Penale Rc visita i detenuti di Arghill\u00e0 e San Pietro","isPartOf":{"@id":"https:\/\/progettotouring.it\/radiotouring104\/#website"},"primaryImageOfPage":{"@id":"https:\/\/progettotouring.it\/radiotouring104\/2026\/09\/03\/reggio-la-camera-penale-in-visita-ai-detenuti-delle-carceri-di-arghilla-e-san-pietro\/#primaryimage"},"image":{"@id":"https:\/\/progettotouring.it\/radiotouring104\/2026\/09\/03\/reggio-la-camera-penale-in-visita-ai-detenuti-delle-carceri-di-arghilla-e-san-pietro\/#primaryimage"},"thumbnailUrl":"https:\/\/progettotouring.it\/radiotouring104\/wp-content\/uploads\/sites\/6\/2023\/08\/Carcere-Arghilla.jpg","datePublished":"2026-09-03T07:53:26+00:00","description":"La visita rientra nell'iniziativa nazionale \u201cRistretti in agosto\u201d. Il riscontro sar\u00e0 dettagliatamente relazionato a politica e istituzioni","breadcrumb":{"@id":"https:\/\/progettotouring.it\/radiotouring104\/2026\/09\/03\/reggio-la-camera-penale-in-visita-ai-detenuti-delle-carceri-di-arghilla-e-san-pietro\/#breadcrumb"},"inLanguage":"it-IT","potentialAction":[{"@type":"ReadAction","target":["https:\/\/progettotouring.it\/radiotouring104\/2026\/09\/03\/reggio-la-camera-penale-in-visita-ai-detenuti-delle-carceri-di-arghilla-e-san-pietro\/"]}]},{"@type":"ImageObject","inLanguage":"it-IT","@id":"https:\/\/progettotouring.it\/radiotouring104\/2026\/09\/03\/reggio-la-camera-penale-in-visita-ai-detenuti-delle-carceri-di-arghilla-e-san-pietro\/#primaryimage","url":"https:\/\/progettotouring.it\/radiotouring104\/wp-content\/uploads\/sites\/6\/2023\/08\/Carcere-Arghilla.jpg","contentUrl":"https:\/\/progettotouring.it\/radiotouring104\/wp-content\/uploads\/sites\/6\/2023\/08\/Carcere-Arghilla.jpg","width":774,"height":516},{"@type":"BreadcrumbList","@id":"https:\/\/progettotouring.it\/radiotouring104\/2026\/09\/03\/reggio-la-camera-penale-in-visita-ai-detenuti-delle-carceri-di-arghilla-e-san-pietro\/#breadcrumb","itemListElement":[{"@type":"ListItem","position":1,"name":"Home","item":"https:\/\/progettotouring.it\/radiotouring104\/"},{"@type":"ListItem","position":2,"name":"Reggio: la Camera Penale in visita ai detenuti delle carceri di Arghill\u00e0 e &#8220;San Pietro&#8221;"}]},{"@type":"WebSite","@id":"https:\/\/progettotouring.it\/radiotouring104\/#website","url":"https:\/\/progettotouring.it\/radiotouring104\/","name":"Radio Touring 104","description":"La prima radio Reggina","publisher":{"@id":"https:\/\/progettotouring.it\/radiotouring104\/#organization"},"potentialAction":[{"@type":"SearchAction","target":{"@type":"EntryPoint","urlTemplate":"https:\/\/progettotouring.it\/radiotouring104\/?s={search_term_string}"},"query-input":{"@type":"PropertyValueSpecification","valueRequired":true,"valueName":"search_term_string"}}],"inLanguage":"it-IT"},{"@type":"Organization","@id":"https:\/\/progettotouring.it\/radiotouring104\/#organization","name":"Radio Touring 104","url":"https:\/\/progettotouring.it\/radiotouring104\/","logo":{"@type":"ImageObject","inLanguage":"it-IT","@id":"https:\/\/progettotouring.it\/radiotouring104\/#\/schema\/logo\/image\/","url":"https:\/\/progettotouring.it\/radiotouring104\/wp-content\/uploads\/sites\/6\/2022\/02\/cropped-logo-radio-touring-104.png","contentUrl":"https:\/\/progettotouring.it\/radiotouring104\/wp-content\/uploads\/sites\/6\/2022\/02\/cropped-logo-radio-touring-104.png","width":377,"height":182,"caption":"Radio Touring 104"},"image":{"@id":"https:\/\/progettotouring.it\/radiotouring104\/#\/schema\/logo\/image\/"}},{"@type":"Person","@id":"https:\/\/progettotouring.it\/radiotouring104\/#\/schema\/person\/78613917f1851f041f7483f5af1d422e","name":"Sebastiano Plutino","image":{"@type":"ImageObject","inLanguage":"it-IT","@id":"https:\/\/secure.gravatar.com\/avatar\/0546ffaa9b79224faf9f2a156b67a529ae861d3287c66c1d8ccfdf909bcba78d?s=96&d=mm&r=g","url":"https:\/\/secure.gravatar.com\/avatar\/0546ffaa9b79224faf9f2a156b67a529ae861d3287c66c1d8ccfdf909bcba78d?s=96&d=mm&r=g","contentUrl":"https:\/\/secure.gravatar.com\/avatar\/0546ffaa9b79224faf9f2a156b67a529ae861d3287c66c1d8ccfdf909bcba78d?s=96&d=mm&r=g","caption":"Sebastiano Plutino"},"url":"https:\/\/progettotouring.it\/radiotouring104\/author\/sebastiano\/"}]}},"jetpack_publicize_connections":[],"jetpack_sharing_enabled":true,"jetpack_featured_media_url":"https:\/\/progettotouring.it\/radiotouring104\/wp-content\/uploads\/sites\/6\/2023\/08\/Carcere-Arghilla.jpg","_links":{"self":[{"href":"https:\/\/progettotouring.it\/radiotouring104\/wp-json\/wp\/v2\/posts\/99681","targetHints":{"allow":["GET"]}}],"collection":[{"href":"https:\/\/progettotouring.it\/radiotouring104\/wp-json\/wp\/v2\/posts"}],"about":[{"href":"https:\/\/progettotouring.it\/radiotouring104\/wp-json\/wp\/v2\/types\/post"}],"author":[{"embeddable":true,"href":"https:\/\/progettotouring.it\/radiotouring104\/wp-json\/wp\/v2\/users\/12"}],"replies":[{"embeddable":true,"href":"https:\/\/progettotouring.it\/radiotouring104\/wp-json\/wp\/v2\/comments?post=99681"}],"version-history":[{"count":1,"href":"https:\/\/progettotouring.it\/radiotouring104\/wp-json\/wp\/v2\/posts\/99681\/revisions"}],"predecessor-version":[{"id":99682,"href":"https:\/\/progettotouring.it\/radiotouring104\/wp-json\/wp\/v2\/posts\/99681\/revisions\/99682"}],"wp:featuredmedia":[{"embeddable":true,"href":"https:\/\/progettotouring.it\/radiotouring104\/wp-json\/wp\/v2\/media\/33117"}],"wp:attachment":[{"href":"https:\/\/progettotouring.it\/radiotouring104\/wp-json\/wp\/v2\/media?parent=99681"}],"wp:term":[{"taxonomy":"category","embeddable":true,"href":"https:\/\/progettotouring.it\/radiotouring104\/wp-json\/wp\/v2\/categories?post=99681"},{"taxonomy":"post_tag","embeddable":true,"href":"https:\/\/progettotouring.it\/radiotouring104\/wp-json\/wp\/v2\/tags?post=99681"}],"curies":[{"name":"wp","href":"https:\/\/api.w.org\/{rel}","templated":true}]}}