{"id":99688,"date":"2026-09-03T10:43:17","date_gmt":"2026-09-03T08:43:17","guid":{"rendered":"https:\/\/progettotouring.it\/radiotouring104\/?p=99688"},"modified":"2026-09-03T10:50:01","modified_gmt":"2026-09-03T08:50:01","slug":"reggio-la-strada-denuncia-il-diritto-negato-dellaccompagnatore-gratuito-alle-persone-con-disabilita-al-cilea","status":"publish","type":"post","link":"https:\/\/progettotouring.it\/radiotouring104\/2026\/09\/03\/reggio-la-strada-denuncia-il-diritto-negato-dellaccompagnatore-gratuito-alle-persone-con-disabilita-al-cilea\/","title":{"rendered":"Reggio: &#8220;La Strada&#8221; denuncia il Diritto negato dell&#8217;accompagnatore gratuito alle persone con disabilit\u00e0 al Cilea"},"content":{"rendered":"<p>Tramite un comunicato, a firma degli attivisti Maria Lucia Parisi e Fabio Domenico Palumbo, il Movimento &#8220;La Strada&#8221; segnala il diritto negato dell&#8217;accompagnatore gratuito alle persone con disabilit\u00e0 al Teatro Cilea e chiede una modifica del Regolamento del teatro cittadino per garantire maggiore tutele alle persone che vivono la condizione.<\/p>\n<p>&#8220;Lo scorso 22 luglio il movimento La Strada ha posto pubblicamente una questione chiara e semplice: al Teatro Comunale \u201cFrancesco Cilea\u201d le persone con una disabilit\u00e0 riconosciuta ma non motoria \u2013 sensoriale, intellettiva, psichica \u2013 non hanno alcuna garanzia di ingresso gratuito per un accompagnatore di fiducia. I soggetti che ottengono in concessione la gestione delle stagioni non sono vincolati a riconoscerlo, e il teatro assolve all\u2019obbligo con i tre posti previsti dalla legge per chi \u00e8 in carrozzina, con assegnazione del posto all\u2019accompagnatore. Per tutti gli altri non esiste n\u00e9 un contingente di posti riservati n\u00e9 alcun diritto all\u2019accompagnatore.&#8221;, scrivono gli attivisti del Movimento La Strada, Maria Lucia Parisi e Fabio Domenico Palumbo.<\/p>\n<p>&#8220;In quel comunicato indicavamo anche la via d\u2019uscita, che in quel momento era concretamente percorribile, poich\u00e9 il teatro non risultava ancora assegnato per le stagioni 2026\/2027. Il Cilea non viene affidato con bando competitivo, ma in concessione d\u2019uso dietro canone, su istanza degli operatori al settore Cultura, che autorizza con proprio atto. Ogni concessione \u00e8 quindi un atto amministrativo nel quale il Comune pu\u00f2 inserire condizioni, come la gratuit\u00e0 dell\u2019accompagnatore per ogni disabilit\u00e0 riconosciuta e un numero definito di posti riservati anche alle persone con disabilit\u00e0 non motoria.<\/p>\n<p>Alla nostra nota \u00e8 seguita, nelle stesse ore, la presa di posizione del Garante regionale dei diritti delle persone con disabilit\u00e0, l\u2019avvocato Ernesto Siclari, che ha condiviso la richiesta ricordando di aver gi\u00e0 scritto al Comune nel novembre 2024 \u2013 con nota indirizzata al Sindaco, all\u2019Assessore alle Pari Opportunit\u00e0, alla Presidenza della Commissione Pari Opportunit\u00e0 e all\u2019Assessore al Welfare \u2013 senza mai ricevere n\u00e9 risposta n\u00e9 provvedimenti.<\/p>\n<p>Sono trascorse sei settimane da allora. Non risulta alcun atto dell\u2019Amministrazione: nessuna condizione inserita negli atti di concessione, nessuna ripresa dell\u2019iter di modifica dell\u2019articolo 29 del regolamento comunale \u2013 iter gi\u00e0 istruito dalle commissioni consiliari tra novembre 2024 e dicembre 2025 e poi congelato dalla fine anticipata della consiliatura \u2013 nessuna interlocuzione, nessuna risposta.<\/p>\n<p>Nel frattempo la macchina della stagione si \u00e8 messa in moto. Il 14 agosto sono stati annunciati i primi appuntamenti della nuova stagione invernale al \u201cCilea\u201d, con la precisazione che il cartellone completo sarebbe stato presentato a breve e che dalla settimana successiva sarebbe stata aperta la vendita, anche online. In questi giorni la campagna abbonamenti \u00e8 dunque pienamente operativa e il pubblico reggino sta gi\u00e0 scegliendo il proprio posto per l\u2019intera stagione.&#8221;, contiinuano Parisi e Palumbo.<\/p>\n<p>&#8220;La questione ci \u00e8 stata riportata da un cittadino che, semplicemente, ha telefonato per chiedere informazioni sugli abbonamenti e ha domandato se fosse prevista la gratuit\u00e0 per il proprio accompagnatore. La risposta \u00e8 stata negativa. Abbiamo quindi svolto una verifica nostra, ed \u00e8 andata allo stesso modo: tra le formule di abbonamento, le riduzioni e le agevolazioni proposte non compare alcuna previsione di gratuit\u00e0 del biglietto per l\u2019accompagnatore delle persone con disabilit\u00e0 non motoria.<\/p>\n<p>Non serve un\u2019inchiesta per scoprire il problema: basta una telefonata. \u00c8 lo stesso gesto ordinario che fa chiunque voglia andare a teatro. La differenza \u00e8 che per alcune persone quella telefonata finisce con un \u201cno\u201d, e quel \u201cno\u201d significa pagare due biglietti per assistere a un solo spettacolo. Il quadro \u00e8 identico a quello che denunciavamo a luglio: chi non pu\u00f2 fruire autonomamente di uno spettacolo continua a pagare, di fatto, il doppio.<\/p>\n<p>Avevamo chiesto che, prima di firmare la concessione, l\u2019Amministrazione vi inserisse una clausola di poche righe. Un adempimento che non richiede risorse aggiuntive, non incide sui bilanci comunali, non necessita di passaggi consiliari e sta materialmente in tre righe di un atto amministrativo che il Comune stava per adottare comunque.<\/p>\n<p>Purtroppo quella riga non \u00e8 stata scritta, e il punto non \u00e8 formale: per un\u2019intera stagione teatrale \u2013 da qui alla prossima primavera \u2013 le persone con disabilit\u00e0 sensoriale, intellettiva e psichica resteranno fuori da qualsiasi tutela vincolante. Ricordiamo che il quadro normativo sovraordinato sosterrebbe pienamente la richiesta: \u00e8 sufficiente richiamare la legge 104\/1992, la legge 67\/2006 sulla parit\u00e0 di trattamento e la non discriminazione delle persone con disabilit\u00e0 o l\u2019articolo 30 della Convenzione ONU sui diritti delle persone con disabilit\u00e0 ratificata con legge 18\/2009, che impegna gli Stati a garantire la partecipazione alla vita culturale su base di uguaglianza.<\/p>\n<p>Altre realt\u00e0 italiane dimostrano che si pu\u00f2 fare. Al Teatro degli Arcimboldi di Milano, di propriet\u00e0 comunale e gestito da un concessionario privato, sono previsti il biglietto omaggio per le persone con disabilit\u00e0 certificata e un contingente definito di posti riservati a ogni spettacolo. In Calabria, invece, anche dove l\u2019accompagnatore gratuito \u00e8 riconosciuto (Lamezia Terme, Catanzaro), la tutela resta limitata a chi \u00e8 in carrozzina. Nessun teatro della regione garantisce oggi questo diritto alle persone con disabilit\u00e0 non motoria. Reggio poteva essere la prima, ma ha scelto di non esserlo.&#8221;, proseguono gli attivisti del Movimento.<\/p>\n<p>&#8220;C\u2019\u00e8 un punto che come movimento La Strada vogliamo dire con chiarezza, perch\u00e9 va oltre il singolo episodio. Non ci interessa \u2013 e non vorremmo \u2013 che l\u2019attenzione verso le persone con disabilit\u00e0 resti una questione spot, limitata a giornate dedicate, dichiarazioni in occasione di ricorrenze, eventi simbolici o fotografie. Tutto questo, senza un percorso amministrativo che lo traduca in atti, non cambia la vita di nessuno. Un diritto \u00e8 effettivo quando \u00e8 scritto in un atto (e, in questo caso, \u00e8 esigibile al botteghino), senza dover chiedere un favore n\u00e9 affidarsi alla sensibilit\u00e0 del gestore di turno. La tutela si traduce in una clausola nella concessione, in un articolo del regolamento o in una determina. Chiediamo un percorso concreto, verificabile e con tempi definiti.<\/p>\n<p>Al sindaco Francesco Cannizzaro. Nella giunta insediata il 4 luglio non \u00e8 stato nominato alcun assessore alla Cultura, n\u00e9 alle Pari Opportunit\u00e0: sono materie che non compaiono tra le deleghe assegnate e che restano quindi in capo al sindaco, in attesa di un\u2019eventuale attribuzione a consiglieri delegati. Ne consegue un fatto semplice: entrambe le competenze che servono per risolvere questa vicenda \u2013 quella sul settore che rilascia le concessioni del Teatro Cilea e quella sulle politiche di parit\u00e0 e non discriminazione \u2013 fanno oggi capo alla stessa persona. Gli chiediamo di intervenire direttamente, e di farlo adesso<\/p>\n<p>Alla presidente dell\u2019Ottava Commissione consiliare, Daniela De Blasio, competente su pari opportunit\u00e0, diritti umani, pace, relazioni internazionali e immigrazione, insediata alla fine di luglio. Le chiediamo formalmente di convocare la Commissione su questo punto e di riprendere l\u2019istruttoria gi\u00e0 avviata nella scorsa consiliatura: il lavoro c\u2019\u00e8, la proposta di modifica del regolamento c\u2019\u00e8, mancano solo la convocazione e il voto. Chiediamo che la Commissione, appena insediata, faccia di questa vicenda uno dei suoi primi atti concreti.<\/p>\n<p>Al Garante regionale dei diritti delle persone con disabilit\u00e0, l\u2019avvocato Ernesto Siclari, che sulla questione \u00e8 gi\u00e0 intervenuto due volte senza ottenere riscontro: nel novembre 2024 con nota formale al Comune e nel luglio 2026 a sostegno della nostra denuncia. Considerata la necessit\u00e0 di mantenere alta l\u2019attenzione sul caso, chiediamo di sollecitare nuovamente e formalmente l\u2019Amministrazione, certi della sua attenzione e sensibilit\u00e0 sul tema, valutando ogni strumento previsto dal suo mandato a tutela del diritto alla partecipazione culturale.&#8221;, continuano gli attivisti del Movimento La Strada.<\/p>\n<p>All\u2019Amministrazione comunale formuliamo, infine, una serie di richieste: intervenire anche in corso di stagione, verificando con il concessionario la possibilit\u00e0 di introdurre da subito la gratuit\u00e0 dell\u2019accompagnatore per ogni disabilit\u00e0 riconosciuta, senza attendere la scadenza della concessione; riprendere e chiudere l\u2019iter di modifica del regolamento comunale del teatro, ereditando il lavoro gi\u00e0 svolto dalle commissioni consiliari nel 2024 e nel 2025, con un calendario dichiarato pubblicamente; assumere l\u2019impegno formale che ogni futuro atto di concessione del Teatro Cilea contenga la clausola sulla gratuit\u00e0 dell\u2019accompagnatore per tutte le disabilit\u00e0 riconosciute e la previsione di un numero certo di posti riservati anche alle persone con disabilit\u00e0 non motoria; fare seguito alla richiesta avanzata dalle commissioni consiliari, dal Garante regionale nel novembre 2024 e da questo movimento nel luglio 2026, a cui oggi non \u00e8 mai seguito alcun riscontro.<\/p>\n<p>Il diritto alla cultura non pu\u00f2 dipendere dal tipo di disabilit\u00e0 o dalla sensibilit\u00e0 del gestore di turno. Chiediamo che questo principio si trasformi in azione amministrativa concreta.&#8221;, conclude il comunicato degli attivisti del Movimento &#8220;La Strada&#8221;<\/p>\n","protected":false},"excerpt":{"rendered":"<p>Tramite un comunicato, a firma degli attivisti Maria Lucia Parisi e Fabio Domenico Palumbo, il Movimento &#8220;La Strada&#8221; segnala il diritto negato dell&#8217;accompagnatore gratuito alle persone con disabilit\u00e0 al Teatro&hellip;<\/p>\n","protected":false},"author":12,"featured_media":2911,"comment_status":"closed","ping_status":"open","sticky":false,"template":"","format":"standard","meta":{"_jetpack_newsletter_access":"","_jetpack_dont_email_post_to_subs":false,"_jetpack_newsletter_tier_id":0,"_jetpack_memberships_contains_paywalled_content":false,"_jetpack_feature_clip_id":0,"_jetpack_memberships_contains_paid_content":false,"footnotes":"","jetpack_publicize_message":"","jetpack_publicize_feature_enabled":true,"jetpack_social_post_already_shared":true,"jetpack_social_options":{"image_generator_settings":{"template":"highway","default_image_id":0,"font":"","enabled":false},"version":2},"jetpack_post_was_ever_published":false},"categories":[921,150,196,140],"tags":[56250,3609,56251,1035,2924,56249,273],"class_list":["post-99688","post","type-post","status-publish","format-standard","has-post-thumbnail","hentry","category-home","category-in-primo-piano","category-news","category-reggio-calabria","tag-diritto-negato","tag-fabio-domenico-palumbo","tag-ingresso-gratuito-accompagnatore","tag-la-strada","tag-maria-lucia-parisi","tag-modifica-regolamento-teatro","tag-teatro-cilea"],"yoast_head":"<!-- This site is optimized with the Yoast SEO plugin v28.3 - https:\/\/yoast.com\/product\/yoast-seo-wordpress\/ -->\n<title>Reggio: &quot;La Strada&quot; denuncia il Diritto negato dell&#039;accompagnatore gratuito alle persone con disabilit\u00e0 al Cilea - Radio Touring 104<\/title>\n<meta name=\"description\" content=\"Il movimento politico chiede la modifica del Regolamento del Teatro cittadino per tutelare le persone che vivono la condizione\" \/>\n<meta name=\"robots\" content=\"index, follow, max-snippet:-1, max-image-preview:large, max-video-preview:-1\" \/>\n<link rel=\"canonical\" href=\"https:\/\/progettotouring.it\/radiotouring104\/2026\/09\/03\/reggio-la-strada-denuncia-il-diritto-negato-dellaccompagnatore-gratuito-alle-persone-con-disabilita-al-cilea\/\" \/>\n<meta property=\"og:locale\" content=\"it_IT\" \/>\n<meta property=\"og:type\" content=\"article\" \/>\n<meta property=\"og:title\" content=\"Reggio: &quot;La Strada&quot; denuncia il Diritto negato dell&#039;accompagnatore gratuito alle persone con disabilit\u00e0 al Cilea - Radio Touring 104\" \/>\n<meta property=\"og:description\" content=\"Il movimento politico chiede la modifica del Regolamento del Teatro cittadino per tutelare le persone che vivono la condizione\" \/>\n<meta property=\"og:url\" content=\"https:\/\/progettotouring.it\/radiotouring104\/2026\/09\/03\/reggio-la-strada-denuncia-il-diritto-negato-dellaccompagnatore-gratuito-alle-persone-con-disabilita-al-cilea\/\" \/>\n<meta property=\"og:site_name\" content=\"Radio Touring 104\" \/>\n<meta property=\"article:published_time\" content=\"2026-09-03T08:43:17+00:00\" \/>\n<meta property=\"article:modified_time\" content=\"2026-09-03T08:50:01+00:00\" \/>\n<meta property=\"og:image\" content=\"https:\/\/progettotouring.it\/radiotouring104\/wp-content\/uploads\/sites\/6\/2022\/03\/Mappa_teatro_cilea_reggio_calabria-min.jpg\" \/>\n\t<meta property=\"og:image:width\" content=\"1323\" \/>\n\t<meta property=\"og:image:height\" content=\"882\" \/>\n\t<meta property=\"og:image:type\" content=\"image\/jpeg\" \/>\n<meta name=\"author\" content=\"Sebastiano Plutino\" \/>\n<meta name=\"twitter:card\" content=\"summary_large_image\" \/>\n<meta name=\"twitter:label1\" content=\"Scritto da\" \/>\n\t<meta name=\"twitter:data1\" content=\"Sebastiano Plutino\" \/>\n\t<meta name=\"twitter:label2\" content=\"Tempo di lettura stimato\" \/>\n\t<meta name=\"twitter:data2\" content=\"7 minuti\" \/>\n<script type=\"application\/ld+json\" class=\"yoast-schema-graph\">{\"@context\":\"https:\\\/\\\/schema.org\",\"@graph\":[{\"@type\":\"Article\",\"@id\":\"https:\\\/\\\/progettotouring.it\\\/radiotouring104\\\/2026\\\/09\\\/03\\\/reggio-la-strada-denuncia-il-diritto-negato-dellaccompagnatore-gratuito-alle-persone-con-disabilita-al-cilea\\\/#article\",\"isPartOf\":{\"@id\":\"https:\\\/\\\/progettotouring.it\\\/radiotouring104\\\/2026\\\/09\\\/03\\\/reggio-la-strada-denuncia-il-diritto-negato-dellaccompagnatore-gratuito-alle-persone-con-disabilita-al-cilea\\\/\"},\"author\":{\"name\":\"Sebastiano Plutino\",\"@id\":\"https:\\\/\\\/progettotouring.it\\\/radiotouring104\\\/#\\\/schema\\\/person\\\/78613917f1851f041f7483f5af1d422e\"},\"headline\":\"Reggio: &#8220;La Strada&#8221; denuncia il Diritto negato dell&#8217;accompagnatore gratuito alle persone con disabilit\u00e0 al Cilea\",\"datePublished\":\"2026-09-03T08:43:17+00:00\",\"dateModified\":\"2026-09-03T08:50:01+00:00\",\"mainEntityOfPage\":{\"@id\":\"https:\\\/\\\/progettotouring.it\\\/radiotouring104\\\/2026\\\/09\\\/03\\\/reggio-la-strada-denuncia-il-diritto-negato-dellaccompagnatore-gratuito-alle-persone-con-disabilita-al-cilea\\\/\"},\"wordCount\":1392,\"publisher\":{\"@id\":\"https:\\\/\\\/progettotouring.it\\\/radiotouring104\\\/#organization\"},\"image\":{\"@id\":\"https:\\\/\\\/progettotouring.it\\\/radiotouring104\\\/2026\\\/09\\\/03\\\/reggio-la-strada-denuncia-il-diritto-negato-dellaccompagnatore-gratuito-alle-persone-con-disabilita-al-cilea\\\/#primaryimage\"},\"thumbnailUrl\":\"https:\\\/\\\/progettotouring.it\\\/radiotouring104\\\/wp-content\\\/uploads\\\/sites\\\/6\\\/2022\\\/03\\\/Mappa_teatro_cilea_reggio_calabria-min.jpg\",\"keywords\":[\"diritto negato\",\"Fabio Domenico Palumbo\",\"ingresso gratuito accompagnatore\",\"la strada\",\"maria lucia parisi\",\"modifica regolamento teatro\",\"Teatro Cilea\"],\"articleSection\":[\"Home\",\"In primo piano\",\"News\",\"Reggio Calabria\"],\"inLanguage\":\"it-IT\"},{\"@type\":\"WebPage\",\"@id\":\"https:\\\/\\\/progettotouring.it\\\/radiotouring104\\\/2026\\\/09\\\/03\\\/reggio-la-strada-denuncia-il-diritto-negato-dellaccompagnatore-gratuito-alle-persone-con-disabilita-al-cilea\\\/\",\"url\":\"https:\\\/\\\/progettotouring.it\\\/radiotouring104\\\/2026\\\/09\\\/03\\\/reggio-la-strada-denuncia-il-diritto-negato-dellaccompagnatore-gratuito-alle-persone-con-disabilita-al-cilea\\\/\",\"name\":\"Reggio: \\\"La Strada\\\" denuncia il Diritto negato dell'accompagnatore gratuito alle persone con disabilit\u00e0 al Cilea - Radio Touring 104\",\"isPartOf\":{\"@id\":\"https:\\\/\\\/progettotouring.it\\\/radiotouring104\\\/#website\"},\"primaryImageOfPage\":{\"@id\":\"https:\\\/\\\/progettotouring.it\\\/radiotouring104\\\/2026\\\/09\\\/03\\\/reggio-la-strada-denuncia-il-diritto-negato-dellaccompagnatore-gratuito-alle-persone-con-disabilita-al-cilea\\\/#primaryimage\"},\"image\":{\"@id\":\"https:\\\/\\\/progettotouring.it\\\/radiotouring104\\\/2026\\\/09\\\/03\\\/reggio-la-strada-denuncia-il-diritto-negato-dellaccompagnatore-gratuito-alle-persone-con-disabilita-al-cilea\\\/#primaryimage\"},\"thumbnailUrl\":\"https:\\\/\\\/progettotouring.it\\\/radiotouring104\\\/wp-content\\\/uploads\\\/sites\\\/6\\\/2022\\\/03\\\/Mappa_teatro_cilea_reggio_calabria-min.jpg\",\"datePublished\":\"2026-09-03T08:43:17+00:00\",\"dateModified\":\"2026-09-03T08:50:01+00:00\",\"description\":\"Il movimento politico chiede la modifica del Regolamento del Teatro cittadino per tutelare le persone che vivono la condizione\",\"breadcrumb\":{\"@id\":\"https:\\\/\\\/progettotouring.it\\\/radiotouring104\\\/2026\\\/09\\\/03\\\/reggio-la-strada-denuncia-il-diritto-negato-dellaccompagnatore-gratuito-alle-persone-con-disabilita-al-cilea\\\/#breadcrumb\"},\"inLanguage\":\"it-IT\",\"potentialAction\":[{\"@type\":\"ReadAction\",\"target\":[\"https:\\\/\\\/progettotouring.it\\\/radiotouring104\\\/2026\\\/09\\\/03\\\/reggio-la-strada-denuncia-il-diritto-negato-dellaccompagnatore-gratuito-alle-persone-con-disabilita-al-cilea\\\/\"]}]},{\"@type\":\"ImageObject\",\"inLanguage\":\"it-IT\",\"@id\":\"https:\\\/\\\/progettotouring.it\\\/radiotouring104\\\/2026\\\/09\\\/03\\\/reggio-la-strada-denuncia-il-diritto-negato-dellaccompagnatore-gratuito-alle-persone-con-disabilita-al-cilea\\\/#primaryimage\",\"url\":\"https:\\\/\\\/progettotouring.it\\\/radiotouring104\\\/wp-content\\\/uploads\\\/sites\\\/6\\\/2022\\\/03\\\/Mappa_teatro_cilea_reggio_calabria-min.jpg\",\"contentUrl\":\"https:\\\/\\\/progettotouring.it\\\/radiotouring104\\\/wp-content\\\/uploads\\\/sites\\\/6\\\/2022\\\/03\\\/Mappa_teatro_cilea_reggio_calabria-min.jpg\",\"width\":1323,\"height\":882,\"caption\":\"teatro cilea\"},{\"@type\":\"BreadcrumbList\",\"@id\":\"https:\\\/\\\/progettotouring.it\\\/radiotouring104\\\/2026\\\/09\\\/03\\\/reggio-la-strada-denuncia-il-diritto-negato-dellaccompagnatore-gratuito-alle-persone-con-disabilita-al-cilea\\\/#breadcrumb\",\"itemListElement\":[{\"@type\":\"ListItem\",\"position\":1,\"name\":\"Home\",\"item\":\"https:\\\/\\\/progettotouring.it\\\/radiotouring104\\\/\"},{\"@type\":\"ListItem\",\"position\":2,\"name\":\"Reggio: &#8220;La Strada&#8221; denuncia il Diritto negato dell&#8217;accompagnatore gratuito alle persone con disabilit\u00e0 al Cilea\"}]},{\"@type\":\"WebSite\",\"@id\":\"https:\\\/\\\/progettotouring.it\\\/radiotouring104\\\/#website\",\"url\":\"https:\\\/\\\/progettotouring.it\\\/radiotouring104\\\/\",\"name\":\"Radio Touring 104\",\"description\":\"La prima radio Reggina\",\"publisher\":{\"@id\":\"https:\\\/\\\/progettotouring.it\\\/radiotouring104\\\/#organization\"},\"potentialAction\":[{\"@type\":\"SearchAction\",\"target\":{\"@type\":\"EntryPoint\",\"urlTemplate\":\"https:\\\/\\\/progettotouring.it\\\/radiotouring104\\\/?s={search_term_string}\"},\"query-input\":{\"@type\":\"PropertyValueSpecification\",\"valueRequired\":true,\"valueName\":\"search_term_string\"}}],\"inLanguage\":\"it-IT\"},{\"@type\":\"Organization\",\"@id\":\"https:\\\/\\\/progettotouring.it\\\/radiotouring104\\\/#organization\",\"name\":\"Radio Touring 104\",\"url\":\"https:\\\/\\\/progettotouring.it\\\/radiotouring104\\\/\",\"logo\":{\"@type\":\"ImageObject\",\"inLanguage\":\"it-IT\",\"@id\":\"https:\\\/\\\/progettotouring.it\\\/radiotouring104\\\/#\\\/schema\\\/logo\\\/image\\\/\",\"url\":\"https:\\\/\\\/progettotouring.it\\\/radiotouring104\\\/wp-content\\\/uploads\\\/sites\\\/6\\\/2022\\\/02\\\/cropped-logo-radio-touring-104.png\",\"contentUrl\":\"https:\\\/\\\/progettotouring.it\\\/radiotouring104\\\/wp-content\\\/uploads\\\/sites\\\/6\\\/2022\\\/02\\\/cropped-logo-radio-touring-104.png\",\"width\":377,\"height\":182,\"caption\":\"Radio Touring 104\"},\"image\":{\"@id\":\"https:\\\/\\\/progettotouring.it\\\/radiotouring104\\\/#\\\/schema\\\/logo\\\/image\\\/\"}},{\"@type\":\"Person\",\"@id\":\"https:\\\/\\\/progettotouring.it\\\/radiotouring104\\\/#\\\/schema\\\/person\\\/78613917f1851f041f7483f5af1d422e\",\"name\":\"Sebastiano Plutino\",\"image\":{\"@type\":\"ImageObject\",\"inLanguage\":\"it-IT\",\"@id\":\"https:\\\/\\\/secure.gravatar.com\\\/avatar\\\/0546ffaa9b79224faf9f2a156b67a529ae861d3287c66c1d8ccfdf909bcba78d?s=96&d=mm&r=g\",\"url\":\"https:\\\/\\\/secure.gravatar.com\\\/avatar\\\/0546ffaa9b79224faf9f2a156b67a529ae861d3287c66c1d8ccfdf909bcba78d?s=96&d=mm&r=g\",\"contentUrl\":\"https:\\\/\\\/secure.gravatar.com\\\/avatar\\\/0546ffaa9b79224faf9f2a156b67a529ae861d3287c66c1d8ccfdf909bcba78d?s=96&d=mm&r=g\",\"caption\":\"Sebastiano Plutino\"},\"url\":\"https:\\\/\\\/progettotouring.it\\\/radiotouring104\\\/author\\\/sebastiano\\\/\"}]}<\/script>\n<!-- \/ Yoast SEO plugin. -->","yoast_head_json":{"title":"Reggio: \"La Strada\" denuncia il Diritto negato dell'accompagnatore gratuito alle persone con disabilit\u00e0 al Cilea - Radio Touring 104","description":"Il movimento politico chiede la modifica del Regolamento del Teatro cittadino per tutelare le persone che vivono la condizione","robots":{"index":"index","follow":"follow","max-snippet":"max-snippet:-1","max-image-preview":"max-image-preview:large","max-video-preview":"max-video-preview:-1"},"canonical":"https:\/\/progettotouring.it\/radiotouring104\/2026\/09\/03\/reggio-la-strada-denuncia-il-diritto-negato-dellaccompagnatore-gratuito-alle-persone-con-disabilita-al-cilea\/","og_locale":"it_IT","og_type":"article","og_title":"Reggio: \"La Strada\" denuncia il Diritto negato dell'accompagnatore gratuito alle persone con disabilit\u00e0 al Cilea - Radio Touring 104","og_description":"Il movimento politico chiede la modifica del Regolamento del Teatro cittadino per tutelare le persone che vivono la condizione","og_url":"https:\/\/progettotouring.it\/radiotouring104\/2026\/09\/03\/reggio-la-strada-denuncia-il-diritto-negato-dellaccompagnatore-gratuito-alle-persone-con-disabilita-al-cilea\/","og_site_name":"Radio Touring 104","article_published_time":"2026-09-03T08:43:17+00:00","article_modified_time":"2026-09-03T08:50:01+00:00","og_image":[{"width":1323,"height":882,"url":"https:\/\/progettotouring.it\/radiotouring104\/wp-content\/uploads\/sites\/6\/2022\/03\/Mappa_teatro_cilea_reggio_calabria-min.jpg","type":"image\/jpeg"}],"author":"Sebastiano Plutino","twitter_card":"summary_large_image","twitter_misc":{"Scritto da":"Sebastiano Plutino","Tempo di lettura stimato":"7 minuti"},"schema":{"@context":"https:\/\/schema.org","@graph":[{"@type":"Article","@id":"https:\/\/progettotouring.it\/radiotouring104\/2026\/09\/03\/reggio-la-strada-denuncia-il-diritto-negato-dellaccompagnatore-gratuito-alle-persone-con-disabilita-al-cilea\/#article","isPartOf":{"@id":"https:\/\/progettotouring.it\/radiotouring104\/2026\/09\/03\/reggio-la-strada-denuncia-il-diritto-negato-dellaccompagnatore-gratuito-alle-persone-con-disabilita-al-cilea\/"},"author":{"name":"Sebastiano Plutino","@id":"https:\/\/progettotouring.it\/radiotouring104\/#\/schema\/person\/78613917f1851f041f7483f5af1d422e"},"headline":"Reggio: &#8220;La Strada&#8221; denuncia il Diritto negato dell&#8217;accompagnatore gratuito alle persone con disabilit\u00e0 al Cilea","datePublished":"2026-09-03T08:43:17+00:00","dateModified":"2026-09-03T08:50:01+00:00","mainEntityOfPage":{"@id":"https:\/\/progettotouring.it\/radiotouring104\/2026\/09\/03\/reggio-la-strada-denuncia-il-diritto-negato-dellaccompagnatore-gratuito-alle-persone-con-disabilita-al-cilea\/"},"wordCount":1392,"publisher":{"@id":"https:\/\/progettotouring.it\/radiotouring104\/#organization"},"image":{"@id":"https:\/\/progettotouring.it\/radiotouring104\/2026\/09\/03\/reggio-la-strada-denuncia-il-diritto-negato-dellaccompagnatore-gratuito-alle-persone-con-disabilita-al-cilea\/#primaryimage"},"thumbnailUrl":"https:\/\/progettotouring.it\/radiotouring104\/wp-content\/uploads\/sites\/6\/2022\/03\/Mappa_teatro_cilea_reggio_calabria-min.jpg","keywords":["diritto negato","Fabio Domenico Palumbo","ingresso gratuito accompagnatore","la strada","maria lucia parisi","modifica regolamento teatro","Teatro Cilea"],"articleSection":["Home","In primo piano","News","Reggio Calabria"],"inLanguage":"it-IT"},{"@type":"WebPage","@id":"https:\/\/progettotouring.it\/radiotouring104\/2026\/09\/03\/reggio-la-strada-denuncia-il-diritto-negato-dellaccompagnatore-gratuito-alle-persone-con-disabilita-al-cilea\/","url":"https:\/\/progettotouring.it\/radiotouring104\/2026\/09\/03\/reggio-la-strada-denuncia-il-diritto-negato-dellaccompagnatore-gratuito-alle-persone-con-disabilita-al-cilea\/","name":"Reggio: \"La Strada\" denuncia il Diritto negato dell'accompagnatore gratuito alle persone con disabilit\u00e0 al Cilea - Radio Touring 104","isPartOf":{"@id":"https:\/\/progettotouring.it\/radiotouring104\/#website"},"primaryImageOfPage":{"@id":"https:\/\/progettotouring.it\/radiotouring104\/2026\/09\/03\/reggio-la-strada-denuncia-il-diritto-negato-dellaccompagnatore-gratuito-alle-persone-con-disabilita-al-cilea\/#primaryimage"},"image":{"@id":"https:\/\/progettotouring.it\/radiotouring104\/2026\/09\/03\/reggio-la-strada-denuncia-il-diritto-negato-dellaccompagnatore-gratuito-alle-persone-con-disabilita-al-cilea\/#primaryimage"},"thumbnailUrl":"https:\/\/progettotouring.it\/radiotouring104\/wp-content\/uploads\/sites\/6\/2022\/03\/Mappa_teatro_cilea_reggio_calabria-min.jpg","datePublished":"2026-09-03T08:43:17+00:00","dateModified":"2026-09-03T08:50:01+00:00","description":"Il movimento politico chiede la modifica del Regolamento del Teatro cittadino per tutelare le persone che vivono la condizione","breadcrumb":{"@id":"https:\/\/progettotouring.it\/radiotouring104\/2026\/09\/03\/reggio-la-strada-denuncia-il-diritto-negato-dellaccompagnatore-gratuito-alle-persone-con-disabilita-al-cilea\/#breadcrumb"},"inLanguage":"it-IT","potentialAction":[{"@type":"ReadAction","target":["https:\/\/progettotouring.it\/radiotouring104\/2026\/09\/03\/reggio-la-strada-denuncia-il-diritto-negato-dellaccompagnatore-gratuito-alle-persone-con-disabilita-al-cilea\/"]}]},{"@type":"ImageObject","inLanguage":"it-IT","@id":"https:\/\/progettotouring.it\/radiotouring104\/2026\/09\/03\/reggio-la-strada-denuncia-il-diritto-negato-dellaccompagnatore-gratuito-alle-persone-con-disabilita-al-cilea\/#primaryimage","url":"https:\/\/progettotouring.it\/radiotouring104\/wp-content\/uploads\/sites\/6\/2022\/03\/Mappa_teatro_cilea_reggio_calabria-min.jpg","contentUrl":"https:\/\/progettotouring.it\/radiotouring104\/wp-content\/uploads\/sites\/6\/2022\/03\/Mappa_teatro_cilea_reggio_calabria-min.jpg","width":1323,"height":882,"caption":"teatro cilea"},{"@type":"BreadcrumbList","@id":"https:\/\/progettotouring.it\/radiotouring104\/2026\/09\/03\/reggio-la-strada-denuncia-il-diritto-negato-dellaccompagnatore-gratuito-alle-persone-con-disabilita-al-cilea\/#breadcrumb","itemListElement":[{"@type":"ListItem","position":1,"name":"Home","item":"https:\/\/progettotouring.it\/radiotouring104\/"},{"@type":"ListItem","position":2,"name":"Reggio: &#8220;La Strada&#8221; denuncia il Diritto negato dell&#8217;accompagnatore gratuito alle persone con disabilit\u00e0 al Cilea"}]},{"@type":"WebSite","@id":"https:\/\/progettotouring.it\/radiotouring104\/#website","url":"https:\/\/progettotouring.it\/radiotouring104\/","name":"Radio Touring 104","description":"La prima radio Reggina","publisher":{"@id":"https:\/\/progettotouring.it\/radiotouring104\/#organization"},"potentialAction":[{"@type":"SearchAction","target":{"@type":"EntryPoint","urlTemplate":"https:\/\/progettotouring.it\/radiotouring104\/?s={search_term_string}"},"query-input":{"@type":"PropertyValueSpecification","valueRequired":true,"valueName":"search_term_string"}}],"inLanguage":"it-IT"},{"@type":"Organization","@id":"https:\/\/progettotouring.it\/radiotouring104\/#organization","name":"Radio Touring 104","url":"https:\/\/progettotouring.it\/radiotouring104\/","logo":{"@type":"ImageObject","inLanguage":"it-IT","@id":"https:\/\/progettotouring.it\/radiotouring104\/#\/schema\/logo\/image\/","url":"https:\/\/progettotouring.it\/radiotouring104\/wp-content\/uploads\/sites\/6\/2022\/02\/cropped-logo-radio-touring-104.png","contentUrl":"https:\/\/progettotouring.it\/radiotouring104\/wp-content\/uploads\/sites\/6\/2022\/02\/cropped-logo-radio-touring-104.png","width":377,"height":182,"caption":"Radio Touring 104"},"image":{"@id":"https:\/\/progettotouring.it\/radiotouring104\/#\/schema\/logo\/image\/"}},{"@type":"Person","@id":"https:\/\/progettotouring.it\/radiotouring104\/#\/schema\/person\/78613917f1851f041f7483f5af1d422e","name":"Sebastiano Plutino","image":{"@type":"ImageObject","inLanguage":"it-IT","@id":"https:\/\/secure.gravatar.com\/avatar\/0546ffaa9b79224faf9f2a156b67a529ae861d3287c66c1d8ccfdf909bcba78d?s=96&d=mm&r=g","url":"https:\/\/secure.gravatar.com\/avatar\/0546ffaa9b79224faf9f2a156b67a529ae861d3287c66c1d8ccfdf909bcba78d?s=96&d=mm&r=g","contentUrl":"https:\/\/secure.gravatar.com\/avatar\/0546ffaa9b79224faf9f2a156b67a529ae861d3287c66c1d8ccfdf909bcba78d?s=96&d=mm&r=g","caption":"Sebastiano Plutino"},"url":"https:\/\/progettotouring.it\/radiotouring104\/author\/sebastiano\/"}]}},"jetpack_publicize_connections":[],"jetpack_sharing_enabled":true,"jetpack_featured_media_url":"https:\/\/progettotouring.it\/radiotouring104\/wp-content\/uploads\/sites\/6\/2022\/03\/Mappa_teatro_cilea_reggio_calabria-min.jpg","_links":{"self":[{"href":"https:\/\/progettotouring.it\/radiotouring104\/wp-json\/wp\/v2\/posts\/99688","targetHints":{"allow":["GET"]}}],"collection":[{"href":"https:\/\/progettotouring.it\/radiotouring104\/wp-json\/wp\/v2\/posts"}],"about":[{"href":"https:\/\/progettotouring.it\/radiotouring104\/wp-json\/wp\/v2\/types\/post"}],"author":[{"embeddable":true,"href":"https:\/\/progettotouring.it\/radiotouring104\/wp-json\/wp\/v2\/users\/12"}],"replies":[{"embeddable":true,"href":"https:\/\/progettotouring.it\/radiotouring104\/wp-json\/wp\/v2\/comments?post=99688"}],"version-history":[{"count":3,"href":"https:\/\/progettotouring.it\/radiotouring104\/wp-json\/wp\/v2\/posts\/99688\/revisions"}],"predecessor-version":[{"id":99691,"href":"https:\/\/progettotouring.it\/radiotouring104\/wp-json\/wp\/v2\/posts\/99688\/revisions\/99691"}],"wp:featuredmedia":[{"embeddable":true,"href":"https:\/\/progettotouring.it\/radiotouring104\/wp-json\/wp\/v2\/media\/2911"}],"wp:attachment":[{"href":"https:\/\/progettotouring.it\/radiotouring104\/wp-json\/wp\/v2\/media?parent=99688"}],"wp:term":[{"taxonomy":"category","embeddable":true,"href":"https:\/\/progettotouring.it\/radiotouring104\/wp-json\/wp\/v2\/categories?post=99688"},{"taxonomy":"post_tag","embeddable":true,"href":"https:\/\/progettotouring.it\/radiotouring104\/wp-json\/wp\/v2\/tags?post=99688"}],"curies":[{"name":"wp","href":"https:\/\/api.w.org\/{rel}","templated":true}]}}