{"id":99703,"date":"2026-09-03T11:48:38","date_gmt":"2026-09-03T09:48:38","guid":{"rendered":"https:\/\/progettotouring.it\/radiotouring104\/?p=99703"},"modified":"2026-09-03T12:40:23","modified_gmt":"2026-09-03T10:40:23","slug":"reggio-villa-san-giuseppe-promuove-un-evento-per-raccontare-la-storia-lidentita-ed-il-futuro-della-vallata-del-gallico","status":"publish","type":"post","link":"https:\/\/progettotouring.it\/radiotouring104\/2026\/09\/03\/reggio-villa-san-giuseppe-promuove-un-evento-per-raccontare-la-storia-lidentita-ed-il-futuro-della-vallata-del-gallico\/","title":{"rendered":"Reggio: Villa San Giuseppe promuove un evento per raccontare la storia, l&#8217;identit\u00e0 ed il futuro della Vallata del Gallico"},"content":{"rendered":"<p>Raccontare la Vallata del Gallico attraverso la sua storia, la sua identit\u00e0 e le sue potenzialit\u00e0, con uno sguardo rivolto al futuro. \u00c8 questo l\u2019obiettivo dell\u2019iniziativa \u201cVilla San Giuseppe racconta la Vallata del Gallico: storia, identit\u00e0 e futuro\u201d, promossa dall\u2019Associazione Amici di Villa San Giuseppe, in programma venerd\u00ec 11 settembre 2026, presso il Giardino San Carlo Acutis di Villa San Giuseppe.<\/p>\n<p>L\u2019incontro nasce dalla volont\u00e0 di riportare al centro dell\u2019attenzione il patrimonio storico, culturale, agricolo, ambientale e paesaggistico della Vallata del Gallico, creando un momento di confronto tra studiosi, esperti, realt\u00e0 associative, operatori del territorio e cittadini.<\/p>\n<p>\u00abNon vogliamo semplicemente parlare del passato \u2013 sottolinea Angelo SICLARI, Presidente dell\u2019Associazione Amici di Villa San Giuseppe \u2013 ma raccontare una storia per provare a immaginare un futuro. La Vallata del Gallico rappresenta un patrimonio straordinario, costruito nel tempo attraverso il rapporto tra la fiumara, l\u2019agricoltura, il paesaggio e le comunit\u00e0 che hanno vissuto e lavorato in questi luoghi\u00bb.<\/p>\n<p>Particolare attenzione sar\u00e0 dedicata alla Fiumara del Gallico, elemento che nei secoli ha caratterizzato profondamente la vallata e il suo sviluppo agricolo e produttivo. Un patrimonio che comprende anche agrumeti, produzioni agricole, tradizioni rurali e conoscenze tramandate di generazione in generazione, parte significativa dell\u2019identit\u00e0 del territorio.<br \/>\nDa qui la necessit\u00e0 di interrogarsi sulle prospettive future: come trasformare storia, tradizioni, produzioni agricole, paesaggio e cultura in nuove opportunit\u00e0 di crescita e valorizzazione? L\u2019incontro intende offrire spunti e riflessioni, nella convinzione che conoscere il territorio sia il primo passo per tutelarlo e valorizzarlo.<\/p>\n<p>A confrontarsi su questi temi saranno l\u2019Architetto Maurizio Malaspina, docente ed esperto di sviluppo locale; il Professor Francesco Tripodi, docente e storico; e il Dottor Nino Sapone, esperto di beni culturali e territorio.<\/p>\n<p>La serata sar\u00e0 arricchita dalla collaborazione di Coldiretti Reggio Calabria, ARSAC Calabria e Slow Food \u2013 Presidio Reggio Calabria, a testimonianza dell\u2019importanza di un approccio capace di mettere in relazione cultura, storia, agricoltura, tradizioni, ambiente e sviluppo locale.<\/p>\n<p>All\u2019evento oltre al Sindaco della Citt\u00e0 Metropolitana sono stati invitati tutti gli Amministratori della Vallata del Gallico ed altre Autorit\u00e0 di Enti quale Camera di Commercio, Archivio di Stato e Rappresentanti di categorie a conferma dell\u2019importanza del tema che la Vallata del Gallico rappresenta per l\u2019intero territorio.<\/p>\n<p>Villa San Giuseppe protagonista di un percorso di valorizzazione<\/p>\n<p>Nel progetto dell\u2019Associazione, Villa San Giuseppe assume un ruolo particolare, anche per la sua storica posizione quale porta di accesso alla Vallata del Gallico.<\/p>\n<p>L\u2019Associazione Amici di Villa San Giuseppe intende proseguire il proprio impegno nella promozione di iniziative dedicate alla riscoperta dell\u2019identit\u00e0 locale, alla partecipazione della comunit\u00e0 e alla valorizzazione delle risorse del territorio.<\/p>\n<p>\u00abNon abbiamo la presunzione di avere tutte le risposte \u2013 prosegue Siclari \u2013 ma siamo convinti che parlare del territorio, farlo conoscere, creare occasioni di confronto e riportarlo al centro dell\u2019attenzione rappresenti gi\u00e0 un passo importante. Il futuro di un territorio non pu\u00f2 essere costruito da qualcuno soltanto: il futuro si costruisce insieme\u00bb.<\/p>\n<p>L\u2019iniziativa vuole essere un\u2019occasione per riscoprire ci\u00f2 che siamo stati, comprendere ci\u00f2 che siamo oggi e immaginare ci\u00f2 che potremmo diventare domani, trasformando la memoria in nuove opportunit\u00e0 per il territorio.<\/p>\n<p>La Vallata del Gallico viene cos\u00ec raccontata non soltanto come uno spazio geografico, ma come una storia, una comunit\u00e0, un\u2019identit\u00e0 e un patrimonio da consegnare alle future generazioni.<\/p>\n<p>Il messaggio scelto dall\u2019Associazione sintetizza lo spirito dell\u2019iniziativa:<\/p>\n<p>\u201cConoscere il passato per costruire il futuro della Vallata del Gallico.\u201d<\/p>\n<p>L\u2019Associazione Amici di Villa San Giuseppe invita istituzioni, associazioni, operatori economici e culturali, imprenditori agricoli, cittadini e tutti coloro che hanno a cuore il futuro della Vallata a partecipare all\u2019incontro.<\/p>\n<p>Sar\u00e0 un momento di ascolto, confronto e condivisione, con l\u2019auspicio che dal racconto della storia possano nascere nuove idee e prospettive per la comunit\u00e0.<\/p>\n<p>Appuntamento: venerd\u00ec 11 settembre 2026 \u2013 Giardino San Carlo Acutis, Villa San Giuseppe.<\/p>\n","protected":false},"excerpt":{"rendered":"<p>Raccontare la Vallata del Gallico attraverso la sua storia, la sua identit\u00e0 e le sue potenzialit\u00e0, con uno sguardo rivolto al futuro. \u00c8 questo l\u2019obiettivo dell\u2019iniziativa \u201cVilla San Giuseppe racconta&hellip;<\/p>\n","protected":false},"author":5,"featured_media":99704,"comment_status":"closed","ping_status":"open","sticky":false,"template":"","format":"standard","meta":{"_jetpack_newsletter_access":"","_jetpack_dont_email_post_to_subs":false,"_jetpack_newsletter_tier_id":0,"_jetpack_memberships_contains_paywalled_content":false,"_jetpack_feature_clip_id":0,"_jetpack_memberships_contains_paid_content":false,"footnotes":"","jetpack_publicize_message":"","jetpack_publicize_feature_enabled":true,"jetpack_social_post_already_shared":true,"jetpack_social_options":{"image_generator_settings":{"template":"highway","default_image_id":0,"font":"","enabled":false},"version":2},"jetpack_post_was_ever_published":false},"categories":[921,196,140],"tags":[31757,27864,56264,47414,1323,56263],"class_list":["post-99703","post","type-post","status-publish","format-standard","has-post-thumbnail","hentry","category-home","category-news","category-reggio-calabria","tag-ass-amici-di-villa-san-giuseppe","tag-futuro","tag-giuseppe-racconta-la-vallata-del-gallico","tag-identita","tag-storia","tag-villa-s"],"yoast_head":"<!-- This site is optimized with the Yoast SEO plugin v28.3 - https:\/\/yoast.com\/product\/yoast-seo-wordpress\/ -->\n<title>Reggio: Villa San Giuseppe promuove un evento per raccontare la storia, l&#039;identit\u00e0 ed il futuro della Vallata del Gallico - Radio Touring 104<\/title>\n<meta name=\"description\" content=\"L\u2019iniziativa \u201cVilla S, Giuseppe racconta la Vallata del Gallico&quot; si terr\u00e0 l&#039;11 settembre, nel Giardino San Carlo Acutis\" \/>\n<meta name=\"robots\" content=\"index, follow, max-snippet:-1, max-image-preview:large, max-video-preview:-1\" \/>\n<link rel=\"canonical\" href=\"https:\/\/progettotouring.it\/radiotouring104\/2026\/09\/03\/reggio-villa-san-giuseppe-promuove-un-evento-per-raccontare-la-storia-lidentita-ed-il-futuro-della-vallata-del-gallico\/\" \/>\n<meta property=\"og:locale\" content=\"it_IT\" \/>\n<meta property=\"og:type\" content=\"article\" \/>\n<meta property=\"og:title\" content=\"Reggio: Villa San Giuseppe promuove un evento per raccontare la storia, l&#039;identit\u00e0 ed il futuro della Vallata del Gallico - Radio Touring 104\" \/>\n<meta property=\"og:description\" content=\"L\u2019iniziativa \u201cVilla S, Giuseppe racconta la Vallata del Gallico&quot; si terr\u00e0 l&#039;11 settembre, nel Giardino San Carlo Acutis\" \/>\n<meta property=\"og:url\" content=\"https:\/\/progettotouring.it\/radiotouring104\/2026\/09\/03\/reggio-villa-san-giuseppe-promuove-un-evento-per-raccontare-la-storia-lidentita-ed-il-futuro-della-vallata-del-gallico\/\" \/>\n<meta property=\"og:site_name\" content=\"Radio Touring 104\" \/>\n<meta property=\"article:published_time\" content=\"2026-09-03T09:48:38+00:00\" \/>\n<meta property=\"article:modified_time\" content=\"2026-09-03T10:40:23+00:00\" \/>\n<meta property=\"og:image\" content=\"https:\/\/progettotouring.it\/radiotouring104\/wp-content\/uploads\/sites\/6\/2026\/09\/VILLA-SAN-GIUSEPPE-RACCONTA-LA-VALLATA-DEL-GALLICO.jpeg\" \/>\n\t<meta property=\"og:image:width\" content=\"720\" \/>\n\t<meta property=\"og:image:height\" content=\"1072\" \/>\n\t<meta property=\"og:image:type\" content=\"image\/jpeg\" \/>\n<meta name=\"author\" content=\"redazione\" \/>\n<meta name=\"twitter:card\" content=\"summary_large_image\" \/>\n<meta name=\"twitter:label1\" content=\"Scritto da\" \/>\n\t<meta name=\"twitter:data1\" content=\"redazione\" \/>\n\t<meta name=\"twitter:label2\" content=\"Tempo di lettura stimato\" \/>\n\t<meta name=\"twitter:data2\" content=\"3 minuti\" \/>\n<script type=\"application\/ld+json\" class=\"yoast-schema-graph\">{\"@context\":\"https:\\\/\\\/schema.org\",\"@graph\":[{\"@type\":\"Article\",\"@id\":\"https:\\\/\\\/progettotouring.it\\\/radiotouring104\\\/2026\\\/09\\\/03\\\/reggio-villa-san-giuseppe-promuove-un-evento-per-raccontare-la-storia-lidentita-ed-il-futuro-della-vallata-del-gallico\\\/#article\",\"isPartOf\":{\"@id\":\"https:\\\/\\\/progettotouring.it\\\/radiotouring104\\\/2026\\\/09\\\/03\\\/reggio-villa-san-giuseppe-promuove-un-evento-per-raccontare-la-storia-lidentita-ed-il-futuro-della-vallata-del-gallico\\\/\"},\"author\":{\"name\":\"redazione\",\"@id\":\"https:\\\/\\\/progettotouring.it\\\/radiotouring104\\\/#\\\/schema\\\/person\\\/1b3eb3c07c47136bc44c785c543e635f\"},\"headline\":\"Reggio: Villa San Giuseppe promuove un evento per raccontare la storia, l&#8217;identit\u00e0 ed il futuro della Vallata del Gallico\",\"datePublished\":\"2026-09-03T09:48:38+00:00\",\"dateModified\":\"2026-09-03T10:40:23+00:00\",\"mainEntityOfPage\":{\"@id\":\"https:\\\/\\\/progettotouring.it\\\/radiotouring104\\\/2026\\\/09\\\/03\\\/reggio-villa-san-giuseppe-promuove-un-evento-per-raccontare-la-storia-lidentita-ed-il-futuro-della-vallata-del-gallico\\\/\"},\"wordCount\":661,\"publisher\":{\"@id\":\"https:\\\/\\\/progettotouring.it\\\/radiotouring104\\\/#organization\"},\"image\":{\"@id\":\"https:\\\/\\\/progettotouring.it\\\/radiotouring104\\\/2026\\\/09\\\/03\\\/reggio-villa-san-giuseppe-promuove-un-evento-per-raccontare-la-storia-lidentita-ed-il-futuro-della-vallata-del-gallico\\\/#primaryimage\"},\"thumbnailUrl\":\"https:\\\/\\\/progettotouring.it\\\/radiotouring104\\\/wp-content\\\/uploads\\\/sites\\\/6\\\/2026\\\/09\\\/VILLA-SAN-GIUSEPPE-RACCONTA-LA-VALLATA-DEL-GALLICO.jpeg\",\"keywords\":[\"Ass. \\\"Amici di Villa San Giuseppe\\\"\",\"futuro\",\"Giuseppe racconta la Vallata del Gallico\",\"identit\u00e0\",\"storia\",\"Villa S\"],\"articleSection\":[\"Home\",\"News\",\"Reggio Calabria\"],\"inLanguage\":\"it-IT\"},{\"@type\":\"WebPage\",\"@id\":\"https:\\\/\\\/progettotouring.it\\\/radiotouring104\\\/2026\\\/09\\\/03\\\/reggio-villa-san-giuseppe-promuove-un-evento-per-raccontare-la-storia-lidentita-ed-il-futuro-della-vallata-del-gallico\\\/\",\"url\":\"https:\\\/\\\/progettotouring.it\\\/radiotouring104\\\/2026\\\/09\\\/03\\\/reggio-villa-san-giuseppe-promuove-un-evento-per-raccontare-la-storia-lidentita-ed-il-futuro-della-vallata-del-gallico\\\/\",\"name\":\"Reggio: Villa San Giuseppe promuove un evento per raccontare la storia, l'identit\u00e0 ed il futuro della Vallata del Gallico - Radio Touring 104\",\"isPartOf\":{\"@id\":\"https:\\\/\\\/progettotouring.it\\\/radiotouring104\\\/#website\"},\"primaryImageOfPage\":{\"@id\":\"https:\\\/\\\/progettotouring.it\\\/radiotouring104\\\/2026\\\/09\\\/03\\\/reggio-villa-san-giuseppe-promuove-un-evento-per-raccontare-la-storia-lidentita-ed-il-futuro-della-vallata-del-gallico\\\/#primaryimage\"},\"image\":{\"@id\":\"https:\\\/\\\/progettotouring.it\\\/radiotouring104\\\/2026\\\/09\\\/03\\\/reggio-villa-san-giuseppe-promuove-un-evento-per-raccontare-la-storia-lidentita-ed-il-futuro-della-vallata-del-gallico\\\/#primaryimage\"},\"thumbnailUrl\":\"https:\\\/\\\/progettotouring.it\\\/radiotouring104\\\/wp-content\\\/uploads\\\/sites\\\/6\\\/2026\\\/09\\\/VILLA-SAN-GIUSEPPE-RACCONTA-LA-VALLATA-DEL-GALLICO.jpeg\",\"datePublished\":\"2026-09-03T09:48:38+00:00\",\"dateModified\":\"2026-09-03T10:40:23+00:00\",\"description\":\"L\u2019iniziativa \u201cVilla S, Giuseppe racconta la Vallata del Gallico\\\" si terr\u00e0 l'11 settembre, nel Giardino San Carlo Acutis\",\"breadcrumb\":{\"@id\":\"https:\\\/\\\/progettotouring.it\\\/radiotouring104\\\/2026\\\/09\\\/03\\\/reggio-villa-san-giuseppe-promuove-un-evento-per-raccontare-la-storia-lidentita-ed-il-futuro-della-vallata-del-gallico\\\/#breadcrumb\"},\"inLanguage\":\"it-IT\",\"potentialAction\":[{\"@type\":\"ReadAction\",\"target\":[\"https:\\\/\\\/progettotouring.it\\\/radiotouring104\\\/2026\\\/09\\\/03\\\/reggio-villa-san-giuseppe-promuove-un-evento-per-raccontare-la-storia-lidentita-ed-il-futuro-della-vallata-del-gallico\\\/\"]}]},{\"@type\":\"ImageObject\",\"inLanguage\":\"it-IT\",\"@id\":\"https:\\\/\\\/progettotouring.it\\\/radiotouring104\\\/2026\\\/09\\\/03\\\/reggio-villa-san-giuseppe-promuove-un-evento-per-raccontare-la-storia-lidentita-ed-il-futuro-della-vallata-del-gallico\\\/#primaryimage\",\"url\":\"https:\\\/\\\/progettotouring.it\\\/radiotouring104\\\/wp-content\\\/uploads\\\/sites\\\/6\\\/2026\\\/09\\\/VILLA-SAN-GIUSEPPE-RACCONTA-LA-VALLATA-DEL-GALLICO.jpeg\",\"contentUrl\":\"https:\\\/\\\/progettotouring.it\\\/radiotouring104\\\/wp-content\\\/uploads\\\/sites\\\/6\\\/2026\\\/09\\\/VILLA-SAN-GIUSEPPE-RACCONTA-LA-VALLATA-DEL-GALLICO.jpeg\",\"width\":720,\"height\":1072},{\"@type\":\"BreadcrumbList\",\"@id\":\"https:\\\/\\\/progettotouring.it\\\/radiotouring104\\\/2026\\\/09\\\/03\\\/reggio-villa-san-giuseppe-promuove-un-evento-per-raccontare-la-storia-lidentita-ed-il-futuro-della-vallata-del-gallico\\\/#breadcrumb\",\"itemListElement\":[{\"@type\":\"ListItem\",\"position\":1,\"name\":\"Home\",\"item\":\"https:\\\/\\\/progettotouring.it\\\/radiotouring104\\\/\"},{\"@type\":\"ListItem\",\"position\":2,\"name\":\"Reggio: Villa San Giuseppe promuove un evento per raccontare la storia, l&#8217;identit\u00e0 ed il futuro della Vallata del Gallico\"}]},{\"@type\":\"WebSite\",\"@id\":\"https:\\\/\\\/progettotouring.it\\\/radiotouring104\\\/#website\",\"url\":\"https:\\\/\\\/progettotouring.it\\\/radiotouring104\\\/\",\"name\":\"Radio Touring 104\",\"description\":\"La prima radio Reggina\",\"publisher\":{\"@id\":\"https:\\\/\\\/progettotouring.it\\\/radiotouring104\\\/#organization\"},\"potentialAction\":[{\"@type\":\"SearchAction\",\"target\":{\"@type\":\"EntryPoint\",\"urlTemplate\":\"https:\\\/\\\/progettotouring.it\\\/radiotouring104\\\/?s={search_term_string}\"},\"query-input\":{\"@type\":\"PropertyValueSpecification\",\"valueRequired\":true,\"valueName\":\"search_term_string\"}}],\"inLanguage\":\"it-IT\"},{\"@type\":\"Organization\",\"@id\":\"https:\\\/\\\/progettotouring.it\\\/radiotouring104\\\/#organization\",\"name\":\"Radio Touring 104\",\"url\":\"https:\\\/\\\/progettotouring.it\\\/radiotouring104\\\/\",\"logo\":{\"@type\":\"ImageObject\",\"inLanguage\":\"it-IT\",\"@id\":\"https:\\\/\\\/progettotouring.it\\\/radiotouring104\\\/#\\\/schema\\\/logo\\\/image\\\/\",\"url\":\"https:\\\/\\\/progettotouring.it\\\/radiotouring104\\\/wp-content\\\/uploads\\\/sites\\\/6\\\/2022\\\/02\\\/cropped-logo-radio-touring-104.png\",\"contentUrl\":\"https:\\\/\\\/progettotouring.it\\\/radiotouring104\\\/wp-content\\\/uploads\\\/sites\\\/6\\\/2022\\\/02\\\/cropped-logo-radio-touring-104.png\",\"width\":377,\"height\":182,\"caption\":\"Radio Touring 104\"},\"image\":{\"@id\":\"https:\\\/\\\/progettotouring.it\\\/radiotouring104\\\/#\\\/schema\\\/logo\\\/image\\\/\"}},{\"@type\":\"Person\",\"@id\":\"https:\\\/\\\/progettotouring.it\\\/radiotouring104\\\/#\\\/schema\\\/person\\\/1b3eb3c07c47136bc44c785c543e635f\",\"name\":\"redazione\",\"image\":{\"@type\":\"ImageObject\",\"inLanguage\":\"it-IT\",\"@id\":\"https:\\\/\\\/secure.gravatar.com\\\/avatar\\\/0b31605b49f100769e8b624b3e05de1b73e1692e9568a352f60f53fd072e6e11?s=96&d=mm&r=g\",\"url\":\"https:\\\/\\\/secure.gravatar.com\\\/avatar\\\/0b31605b49f100769e8b624b3e05de1b73e1692e9568a352f60f53fd072e6e11?s=96&d=mm&r=g\",\"contentUrl\":\"https:\\\/\\\/secure.gravatar.com\\\/avatar\\\/0b31605b49f100769e8b624b3e05de1b73e1692e9568a352f60f53fd072e6e11?s=96&d=mm&r=g\",\"caption\":\"redazione\"},\"url\":\"https:\\\/\\\/progettotouring.it\\\/radiotouring104\\\/author\\\/redazione\\\/\"}]}<\/script>\n<!-- \/ Yoast SEO plugin. -->","yoast_head_json":{"title":"Reggio: Villa San Giuseppe promuove un evento per raccontare la storia, l'identit\u00e0 ed il futuro della Vallata del Gallico - Radio Touring 104","description":"L\u2019iniziativa \u201cVilla S, Giuseppe racconta la Vallata del Gallico\" si terr\u00e0 l'11 settembre, nel Giardino San Carlo Acutis","robots":{"index":"index","follow":"follow","max-snippet":"max-snippet:-1","max-image-preview":"max-image-preview:large","max-video-preview":"max-video-preview:-1"},"canonical":"https:\/\/progettotouring.it\/radiotouring104\/2026\/09\/03\/reggio-villa-san-giuseppe-promuove-un-evento-per-raccontare-la-storia-lidentita-ed-il-futuro-della-vallata-del-gallico\/","og_locale":"it_IT","og_type":"article","og_title":"Reggio: Villa San Giuseppe promuove un evento per raccontare la storia, l'identit\u00e0 ed il futuro della Vallata del Gallico - Radio Touring 104","og_description":"L\u2019iniziativa \u201cVilla S, Giuseppe racconta la Vallata del Gallico\" si terr\u00e0 l'11 settembre, nel Giardino San Carlo Acutis","og_url":"https:\/\/progettotouring.it\/radiotouring104\/2026\/09\/03\/reggio-villa-san-giuseppe-promuove-un-evento-per-raccontare-la-storia-lidentita-ed-il-futuro-della-vallata-del-gallico\/","og_site_name":"Radio Touring 104","article_published_time":"2026-09-03T09:48:38+00:00","article_modified_time":"2026-09-03T10:40:23+00:00","og_image":[{"width":720,"height":1072,"url":"https:\/\/progettotouring.it\/radiotouring104\/wp-content\/uploads\/sites\/6\/2026\/09\/VILLA-SAN-GIUSEPPE-RACCONTA-LA-VALLATA-DEL-GALLICO.jpeg","type":"image\/jpeg"}],"author":"redazione","twitter_card":"summary_large_image","twitter_misc":{"Scritto da":"redazione","Tempo di lettura stimato":"3 minuti"},"schema":{"@context":"https:\/\/schema.org","@graph":[{"@type":"Article","@id":"https:\/\/progettotouring.it\/radiotouring104\/2026\/09\/03\/reggio-villa-san-giuseppe-promuove-un-evento-per-raccontare-la-storia-lidentita-ed-il-futuro-della-vallata-del-gallico\/#article","isPartOf":{"@id":"https:\/\/progettotouring.it\/radiotouring104\/2026\/09\/03\/reggio-villa-san-giuseppe-promuove-un-evento-per-raccontare-la-storia-lidentita-ed-il-futuro-della-vallata-del-gallico\/"},"author":{"name":"redazione","@id":"https:\/\/progettotouring.it\/radiotouring104\/#\/schema\/person\/1b3eb3c07c47136bc44c785c543e635f"},"headline":"Reggio: Villa San Giuseppe promuove un evento per raccontare la storia, l&#8217;identit\u00e0 ed il futuro della Vallata del Gallico","datePublished":"2026-09-03T09:48:38+00:00","dateModified":"2026-09-03T10:40:23+00:00","mainEntityOfPage":{"@id":"https:\/\/progettotouring.it\/radiotouring104\/2026\/09\/03\/reggio-villa-san-giuseppe-promuove-un-evento-per-raccontare-la-storia-lidentita-ed-il-futuro-della-vallata-del-gallico\/"},"wordCount":661,"publisher":{"@id":"https:\/\/progettotouring.it\/radiotouring104\/#organization"},"image":{"@id":"https:\/\/progettotouring.it\/radiotouring104\/2026\/09\/03\/reggio-villa-san-giuseppe-promuove-un-evento-per-raccontare-la-storia-lidentita-ed-il-futuro-della-vallata-del-gallico\/#primaryimage"},"thumbnailUrl":"https:\/\/progettotouring.it\/radiotouring104\/wp-content\/uploads\/sites\/6\/2026\/09\/VILLA-SAN-GIUSEPPE-RACCONTA-LA-VALLATA-DEL-GALLICO.jpeg","keywords":["Ass. \"Amici di Villa San Giuseppe\"","futuro","Giuseppe racconta la Vallata del Gallico","identit\u00e0","storia","Villa S"],"articleSection":["Home","News","Reggio Calabria"],"inLanguage":"it-IT"},{"@type":"WebPage","@id":"https:\/\/progettotouring.it\/radiotouring104\/2026\/09\/03\/reggio-villa-san-giuseppe-promuove-un-evento-per-raccontare-la-storia-lidentita-ed-il-futuro-della-vallata-del-gallico\/","url":"https:\/\/progettotouring.it\/radiotouring104\/2026\/09\/03\/reggio-villa-san-giuseppe-promuove-un-evento-per-raccontare-la-storia-lidentita-ed-il-futuro-della-vallata-del-gallico\/","name":"Reggio: Villa San Giuseppe promuove un evento per raccontare la storia, l'identit\u00e0 ed il futuro della Vallata del Gallico - Radio Touring 104","isPartOf":{"@id":"https:\/\/progettotouring.it\/radiotouring104\/#website"},"primaryImageOfPage":{"@id":"https:\/\/progettotouring.it\/radiotouring104\/2026\/09\/03\/reggio-villa-san-giuseppe-promuove-un-evento-per-raccontare-la-storia-lidentita-ed-il-futuro-della-vallata-del-gallico\/#primaryimage"},"image":{"@id":"https:\/\/progettotouring.it\/radiotouring104\/2026\/09\/03\/reggio-villa-san-giuseppe-promuove-un-evento-per-raccontare-la-storia-lidentita-ed-il-futuro-della-vallata-del-gallico\/#primaryimage"},"thumbnailUrl":"https:\/\/progettotouring.it\/radiotouring104\/wp-content\/uploads\/sites\/6\/2026\/09\/VILLA-SAN-GIUSEPPE-RACCONTA-LA-VALLATA-DEL-GALLICO.jpeg","datePublished":"2026-09-03T09:48:38+00:00","dateModified":"2026-09-03T10:40:23+00:00","description":"L\u2019iniziativa \u201cVilla S, Giuseppe racconta la Vallata del Gallico\" si terr\u00e0 l'11 settembre, nel Giardino San Carlo Acutis","breadcrumb":{"@id":"https:\/\/progettotouring.it\/radiotouring104\/2026\/09\/03\/reggio-villa-san-giuseppe-promuove-un-evento-per-raccontare-la-storia-lidentita-ed-il-futuro-della-vallata-del-gallico\/#breadcrumb"},"inLanguage":"it-IT","potentialAction":[{"@type":"ReadAction","target":["https:\/\/progettotouring.it\/radiotouring104\/2026\/09\/03\/reggio-villa-san-giuseppe-promuove-un-evento-per-raccontare-la-storia-lidentita-ed-il-futuro-della-vallata-del-gallico\/"]}]},{"@type":"ImageObject","inLanguage":"it-IT","@id":"https:\/\/progettotouring.it\/radiotouring104\/2026\/09\/03\/reggio-villa-san-giuseppe-promuove-un-evento-per-raccontare-la-storia-lidentita-ed-il-futuro-della-vallata-del-gallico\/#primaryimage","url":"https:\/\/progettotouring.it\/radiotouring104\/wp-content\/uploads\/sites\/6\/2026\/09\/VILLA-SAN-GIUSEPPE-RACCONTA-LA-VALLATA-DEL-GALLICO.jpeg","contentUrl":"https:\/\/progettotouring.it\/radiotouring104\/wp-content\/uploads\/sites\/6\/2026\/09\/VILLA-SAN-GIUSEPPE-RACCONTA-LA-VALLATA-DEL-GALLICO.jpeg","width":720,"height":1072},{"@type":"BreadcrumbList","@id":"https:\/\/progettotouring.it\/radiotouring104\/2026\/09\/03\/reggio-villa-san-giuseppe-promuove-un-evento-per-raccontare-la-storia-lidentita-ed-il-futuro-della-vallata-del-gallico\/#breadcrumb","itemListElement":[{"@type":"ListItem","position":1,"name":"Home","item":"https:\/\/progettotouring.it\/radiotouring104\/"},{"@type":"ListItem","position":2,"name":"Reggio: Villa San Giuseppe promuove un evento per raccontare la storia, l&#8217;identit\u00e0 ed il futuro della Vallata del Gallico"}]},{"@type":"WebSite","@id":"https:\/\/progettotouring.it\/radiotouring104\/#website","url":"https:\/\/progettotouring.it\/radiotouring104\/","name":"Radio Touring 104","description":"La prima radio Reggina","publisher":{"@id":"https:\/\/progettotouring.it\/radiotouring104\/#organization"},"potentialAction":[{"@type":"SearchAction","target":{"@type":"EntryPoint","urlTemplate":"https:\/\/progettotouring.it\/radiotouring104\/?s={search_term_string}"},"query-input":{"@type":"PropertyValueSpecification","valueRequired":true,"valueName":"search_term_string"}}],"inLanguage":"it-IT"},{"@type":"Organization","@id":"https:\/\/progettotouring.it\/radiotouring104\/#organization","name":"Radio Touring 104","url":"https:\/\/progettotouring.it\/radiotouring104\/","logo":{"@type":"ImageObject","inLanguage":"it-IT","@id":"https:\/\/progettotouring.it\/radiotouring104\/#\/schema\/logo\/image\/","url":"https:\/\/progettotouring.it\/radiotouring104\/wp-content\/uploads\/sites\/6\/2022\/02\/cropped-logo-radio-touring-104.png","contentUrl":"https:\/\/progettotouring.it\/radiotouring104\/wp-content\/uploads\/sites\/6\/2022\/02\/cropped-logo-radio-touring-104.png","width":377,"height":182,"caption":"Radio Touring 104"},"image":{"@id":"https:\/\/progettotouring.it\/radiotouring104\/#\/schema\/logo\/image\/"}},{"@type":"Person","@id":"https:\/\/progettotouring.it\/radiotouring104\/#\/schema\/person\/1b3eb3c07c47136bc44c785c543e635f","name":"redazione","image":{"@type":"ImageObject","inLanguage":"it-IT","@id":"https:\/\/secure.gravatar.com\/avatar\/0b31605b49f100769e8b624b3e05de1b73e1692e9568a352f60f53fd072e6e11?s=96&d=mm&r=g","url":"https:\/\/secure.gravatar.com\/avatar\/0b31605b49f100769e8b624b3e05de1b73e1692e9568a352f60f53fd072e6e11?s=96&d=mm&r=g","contentUrl":"https:\/\/secure.gravatar.com\/avatar\/0b31605b49f100769e8b624b3e05de1b73e1692e9568a352f60f53fd072e6e11?s=96&d=mm&r=g","caption":"redazione"},"url":"https:\/\/progettotouring.it\/radiotouring104\/author\/redazione\/"}]}},"jetpack_publicize_connections":[],"jetpack_sharing_enabled":true,"jetpack_featured_media_url":"https:\/\/progettotouring.it\/radiotouring104\/wp-content\/uploads\/sites\/6\/2026\/09\/VILLA-SAN-GIUSEPPE-RACCONTA-LA-VALLATA-DEL-GALLICO.jpeg","_links":{"self":[{"href":"https:\/\/progettotouring.it\/radiotouring104\/wp-json\/wp\/v2\/posts\/99703","targetHints":{"allow":["GET"]}}],"collection":[{"href":"https:\/\/progettotouring.it\/radiotouring104\/wp-json\/wp\/v2\/posts"}],"about":[{"href":"https:\/\/progettotouring.it\/radiotouring104\/wp-json\/wp\/v2\/types\/post"}],"author":[{"embeddable":true,"href":"https:\/\/progettotouring.it\/radiotouring104\/wp-json\/wp\/v2\/users\/5"}],"replies":[{"embeddable":true,"href":"https:\/\/progettotouring.it\/radiotouring104\/wp-json\/wp\/v2\/comments?post=99703"}],"version-history":[{"count":2,"href":"https:\/\/progettotouring.it\/radiotouring104\/wp-json\/wp\/v2\/posts\/99703\/revisions"}],"predecessor-version":[{"id":99706,"href":"https:\/\/progettotouring.it\/radiotouring104\/wp-json\/wp\/v2\/posts\/99703\/revisions\/99706"}],"wp:featuredmedia":[{"embeddable":true,"href":"https:\/\/progettotouring.it\/radiotouring104\/wp-json\/wp\/v2\/media\/99704"}],"wp:attachment":[{"href":"https:\/\/progettotouring.it\/radiotouring104\/wp-json\/wp\/v2\/media?parent=99703"}],"wp:term":[{"taxonomy":"category","embeddable":true,"href":"https:\/\/progettotouring.it\/radiotouring104\/wp-json\/wp\/v2\/categories?post=99703"},{"taxonomy":"post_tag","embeddable":true,"href":"https:\/\/progettotouring.it\/radiotouring104\/wp-json\/wp\/v2\/tags?post=99703"}],"curies":[{"name":"wp","href":"https:\/\/api.w.org\/{rel}","templated":true}]}}