{"id":99707,"date":"2026-09-03T12:09:24","date_gmt":"2026-09-03T10:09:24","guid":{"rendered":"https:\/\/progettotouring.it\/radiotouring104\/?p=99707"},"modified":"2026-09-03T12:38:41","modified_gmt":"2026-09-03T10:38:41","slug":"inizio-anno-scolastico-2026-27-a-reggio-una-madre-scrive-al-sindaco-gli-assistenti-educativi-siano-presenti-dal-primo-giorno","status":"publish","type":"post","link":"https:\/\/progettotouring.it\/radiotouring104\/2026\/09\/03\/inizio-anno-scolastico-2026-27-a-reggio-una-madre-scrive-al-sindaco-gli-assistenti-educativi-siano-presenti-dal-primo-giorno\/","title":{"rendered":"Inizio Anno Scolastico 2026\/27 a Reggio, una madre scrive al Sindaco: &#8220;Gli assistenti educativi siano presenti dal primo giorno&#8221;"},"content":{"rendered":"<p>Paola Villani, rappresentante dell\u2019associazione &#8220;Il Volo delle Farfalle Evoluzione Autismo&#8221;, in vista della 1\u00b0 campanella che sancir\u00e0 l&#8217;inizio dell&#8217;anno scolastico, prevista per il 18 settembre, scrive al Sindaco di Reggio, Francesco Cannizzaro, per chiedere che gli assistenti educativi siano presenti gi\u00e0 dal primo giorno di lezioni.<\/p>\n<p>&nbsp;<\/p>\n<p>&#8220;Gentilissimi sindaco Francesco Cannizzaro<\/p>\n<p>Assessore al welfare delle politiche sociali Lucia Fio<\/p>\n<p>Come ogni settembre siamo alle porte dell&#8217; inizio della scuola, un giorno importante per molti studenti, per i pi\u00f9 piccoli che varcano per la prima volta la soglia della scuola dell&#8217; infanzia e per chi \u00e8 pi\u00f9 cresciuto e continua il suo cammino scolastico, ma con occhi pieni di emozione e tanti sogni per il futuro. Ma il primo giorno di scuola non \u00e8 uguale per tutti, soprattutto per gli alunni con disabilit\u00e0, poich\u00e9 ogni anno le figure degli assistenti educativi e alla comunicazione, la cui presenza \u00e8 dovuta per legge, arrivano in ritardo, quasi sempre un mese dopo dall&#8217; inizio delle attivit\u00e0 scolastiche, venendo meno il concetto di inclusione e pari opportunit\u00e0.<\/p>\n<p>Ci\u00f2 che pu\u00f2 sembrare un banale ritardo di alcune settimane \u00e8 una mancanza importante nella vita di tanti bambini e adolescenti, e delle loro famiglie.<\/p>\n<p>Come madre, come rappresentante dell&#8217; associazione Il Volo delle farfalle evoluzione autismo e come cittadina, faccio un appello, affinch\u00e9 gli assistenti siano presenti dal primo giorno di scuola garantendo diritto e uguaglianza di tutti gli studenti. Confido nella sensibilit\u00e0 e nell&#8217; ascolto di questo tema delicato.&#8221;<\/p>\n","protected":false},"excerpt":{"rendered":"<p>Paola Villani, rappresentante dell\u2019associazione &#8220;Il Volo delle Farfalle Evoluzione Autismo&#8221;, in vista della 1\u00b0 campanella che sancir\u00e0 l&#8217;inizio dell&#8217;anno scolastico, prevista per il 18 settembre, scrive al Sindaco di Reggio,&hellip;<\/p>\n","protected":false},"author":5,"featured_media":7380,"comment_status":"closed","ping_status":"open","sticky":false,"template":"","format":"standard","meta":{"_jetpack_newsletter_access":"","_jetpack_dont_email_post_to_subs":false,"_jetpack_newsletter_tier_id":0,"_jetpack_memberships_contains_paywalled_content":false,"_jetpack_feature_clip_id":0,"_jetpack_memberships_contains_paid_content":false,"footnotes":"","jetpack_publicize_message":"","jetpack_publicize_feature_enabled":true,"jetpack_social_post_already_shared":true,"jetpack_social_options":{"image_generator_settings":{"template":"highway","default_image_id":0,"font":"","enabled":false},"version":2},"jetpack_post_was_ever_published":false},"categories":[921,150,196,140],"tags":[42151,2776,56267,56266,32111,54838,56265],"class_list":["post-99707","post","type-post","status-publish","format-standard","has-post-thumbnail","hentry","category-home","category-in-primo-piano","category-news","category-reggio-calabria","tag-associazione-il-volo-delle-farfalle-evoluzione-autismo","tag-francesco-cannizzaro","tag-gli-assistenti-educativi-siano-presenti-dal-primo-giorno","tag-inizio-anno-scolastico-2026-27-a-reggio","tag-lettera","tag-lucia-fio","tag-paola-villani"],"yoast_head":"<!-- This site is optimized with the Yoast SEO plugin v28.3 - https:\/\/yoast.com\/product\/yoast-seo-wordpress\/ -->\n<title>Inizio Anno Scolastico 2026\/27 a Reggio, una madre scrive al Sindaco: &quot;Gli assistenti educativi siano presenti dal primo giorno&quot; - Radio Touring 104<\/title>\n<meta name=\"description\" content=\"La rappresentante dell\u2019associazione &quot;Il Volo delle Farfalle Evoluzione Autismo&quot;, in vista della 1\u00b0 campanella, s&#039;appella alle istituzioni\" \/>\n<meta name=\"robots\" content=\"index, follow, max-snippet:-1, max-image-preview:large, max-video-preview:-1\" \/>\n<link rel=\"canonical\" href=\"https:\/\/progettotouring.it\/radiotouring104\/2026\/09\/03\/inizio-anno-scolastico-2026-27-a-reggio-una-madre-scrive-al-sindaco-gli-assistenti-educativi-siano-presenti-dal-primo-giorno\/\" \/>\n<meta property=\"og:locale\" content=\"it_IT\" \/>\n<meta property=\"og:type\" content=\"article\" \/>\n<meta property=\"og:title\" content=\"Inizio Anno Scolastico 2026\/27 a Reggio, una madre scrive al Sindaco: &quot;Gli assistenti educativi siano presenti dal primo giorno&quot; - Radio Touring 104\" \/>\n<meta property=\"og:description\" content=\"La rappresentante dell\u2019associazione &quot;Il Volo delle Farfalle Evoluzione Autismo&quot;, in vista della 1\u00b0 campanella, s&#039;appella alle istituzioni\" \/>\n<meta property=\"og:url\" content=\"https:\/\/progettotouring.it\/radiotouring104\/2026\/09\/03\/inizio-anno-scolastico-2026-27-a-reggio-una-madre-scrive-al-sindaco-gli-assistenti-educativi-siano-presenti-dal-primo-giorno\/\" \/>\n<meta property=\"og:site_name\" content=\"Radio Touring 104\" \/>\n<meta property=\"article:published_time\" content=\"2026-09-03T10:09:24+00:00\" \/>\n<meta property=\"article:modified_time\" content=\"2026-09-03T10:38:41+00:00\" \/>\n<meta property=\"og:image\" content=\"https:\/\/progettotouring.it\/radiotouring104\/wp-content\/uploads\/sites\/6\/2022\/06\/adozione-a-scuola.jpg\" \/>\n\t<meta property=\"og:image:width\" content=\"1600\" \/>\n\t<meta property=\"og:image:height\" content=\"900\" \/>\n\t<meta property=\"og:image:type\" content=\"image\/jpeg\" \/>\n<meta name=\"author\" content=\"redazione\" \/>\n<meta name=\"twitter:card\" content=\"summary_large_image\" \/>\n<meta name=\"twitter:label1\" content=\"Scritto da\" \/>\n\t<meta name=\"twitter:data1\" content=\"redazione\" \/>\n\t<meta name=\"twitter:label2\" content=\"Tempo di lettura stimato\" \/>\n\t<meta name=\"twitter:data2\" content=\"1 minuto\" \/>\n<script type=\"application\/ld+json\" class=\"yoast-schema-graph\">{\"@context\":\"https:\\\/\\\/schema.org\",\"@graph\":[{\"@type\":\"Article\",\"@id\":\"https:\\\/\\\/progettotouring.it\\\/radiotouring104\\\/2026\\\/09\\\/03\\\/inizio-anno-scolastico-2026-27-a-reggio-una-madre-scrive-al-sindaco-gli-assistenti-educativi-siano-presenti-dal-primo-giorno\\\/#article\",\"isPartOf\":{\"@id\":\"https:\\\/\\\/progettotouring.it\\\/radiotouring104\\\/2026\\\/09\\\/03\\\/inizio-anno-scolastico-2026-27-a-reggio-una-madre-scrive-al-sindaco-gli-assistenti-educativi-siano-presenti-dal-primo-giorno\\\/\"},\"author\":{\"name\":\"redazione\",\"@id\":\"https:\\\/\\\/progettotouring.it\\\/radiotouring104\\\/#\\\/schema\\\/person\\\/1b3eb3c07c47136bc44c785c543e635f\"},\"headline\":\"Inizio Anno Scolastico 2026\\\/27 a Reggio, una madre scrive al Sindaco: &#8220;Gli assistenti educativi siano presenti dal primo giorno&#8221;\",\"datePublished\":\"2026-09-03T10:09:24+00:00\",\"dateModified\":\"2026-09-03T10:38:41+00:00\",\"mainEntityOfPage\":{\"@id\":\"https:\\\/\\\/progettotouring.it\\\/radiotouring104\\\/2026\\\/09\\\/03\\\/inizio-anno-scolastico-2026-27-a-reggio-una-madre-scrive-al-sindaco-gli-assistenti-educativi-siano-presenti-dal-primo-giorno\\\/\"},\"wordCount\":256,\"publisher\":{\"@id\":\"https:\\\/\\\/progettotouring.it\\\/radiotouring104\\\/#organization\"},\"image\":{\"@id\":\"https:\\\/\\\/progettotouring.it\\\/radiotouring104\\\/2026\\\/09\\\/03\\\/inizio-anno-scolastico-2026-27-a-reggio-una-madre-scrive-al-sindaco-gli-assistenti-educativi-siano-presenti-dal-primo-giorno\\\/#primaryimage\"},\"thumbnailUrl\":\"https:\\\/\\\/progettotouring.it\\\/radiotouring104\\\/wp-content\\\/uploads\\\/sites\\\/6\\\/2022\\\/06\\\/adozione-a-scuola.jpg\",\"keywords\":[\"Associazione \\\"Il volo delle farfalle evoluzione autismo\\\"\",\"francesco cannizzaro\",\"Gli assistenti educativi siano presenti dal primo giorno\",\"Inizio Anno Scolastico 2026\\\/27 a Reggio\",\"lettera\",\"Lucia Fio\",\"paola villani\"],\"articleSection\":[\"Home\",\"In primo piano\",\"News\",\"Reggio Calabria\"],\"inLanguage\":\"it-IT\"},{\"@type\":\"WebPage\",\"@id\":\"https:\\\/\\\/progettotouring.it\\\/radiotouring104\\\/2026\\\/09\\\/03\\\/inizio-anno-scolastico-2026-27-a-reggio-una-madre-scrive-al-sindaco-gli-assistenti-educativi-siano-presenti-dal-primo-giorno\\\/\",\"url\":\"https:\\\/\\\/progettotouring.it\\\/radiotouring104\\\/2026\\\/09\\\/03\\\/inizio-anno-scolastico-2026-27-a-reggio-una-madre-scrive-al-sindaco-gli-assistenti-educativi-siano-presenti-dal-primo-giorno\\\/\",\"name\":\"Inizio Anno Scolastico 2026\\\/27 a Reggio, una madre scrive al Sindaco: \\\"Gli assistenti educativi siano presenti dal primo giorno\\\" - Radio Touring 104\",\"isPartOf\":{\"@id\":\"https:\\\/\\\/progettotouring.it\\\/radiotouring104\\\/#website\"},\"primaryImageOfPage\":{\"@id\":\"https:\\\/\\\/progettotouring.it\\\/radiotouring104\\\/2026\\\/09\\\/03\\\/inizio-anno-scolastico-2026-27-a-reggio-una-madre-scrive-al-sindaco-gli-assistenti-educativi-siano-presenti-dal-primo-giorno\\\/#primaryimage\"},\"image\":{\"@id\":\"https:\\\/\\\/progettotouring.it\\\/radiotouring104\\\/2026\\\/09\\\/03\\\/inizio-anno-scolastico-2026-27-a-reggio-una-madre-scrive-al-sindaco-gli-assistenti-educativi-siano-presenti-dal-primo-giorno\\\/#primaryimage\"},\"thumbnailUrl\":\"https:\\\/\\\/progettotouring.it\\\/radiotouring104\\\/wp-content\\\/uploads\\\/sites\\\/6\\\/2022\\\/06\\\/adozione-a-scuola.jpg\",\"datePublished\":\"2026-09-03T10:09:24+00:00\",\"dateModified\":\"2026-09-03T10:38:41+00:00\",\"description\":\"La rappresentante dell\u2019associazione \\\"Il Volo delle Farfalle Evoluzione Autismo\\\", in vista della 1\u00b0 campanella, s'appella alle istituzioni\",\"breadcrumb\":{\"@id\":\"https:\\\/\\\/progettotouring.it\\\/radiotouring104\\\/2026\\\/09\\\/03\\\/inizio-anno-scolastico-2026-27-a-reggio-una-madre-scrive-al-sindaco-gli-assistenti-educativi-siano-presenti-dal-primo-giorno\\\/#breadcrumb\"},\"inLanguage\":\"it-IT\",\"potentialAction\":[{\"@type\":\"ReadAction\",\"target\":[\"https:\\\/\\\/progettotouring.it\\\/radiotouring104\\\/2026\\\/09\\\/03\\\/inizio-anno-scolastico-2026-27-a-reggio-una-madre-scrive-al-sindaco-gli-assistenti-educativi-siano-presenti-dal-primo-giorno\\\/\"]}]},{\"@type\":\"ImageObject\",\"inLanguage\":\"it-IT\",\"@id\":\"https:\\\/\\\/progettotouring.it\\\/radiotouring104\\\/2026\\\/09\\\/03\\\/inizio-anno-scolastico-2026-27-a-reggio-una-madre-scrive-al-sindaco-gli-assistenti-educativi-siano-presenti-dal-primo-giorno\\\/#primaryimage\",\"url\":\"https:\\\/\\\/progettotouring.it\\\/radiotouring104\\\/wp-content\\\/uploads\\\/sites\\\/6\\\/2022\\\/06\\\/adozione-a-scuola.jpg\",\"contentUrl\":\"https:\\\/\\\/progettotouring.it\\\/radiotouring104\\\/wp-content\\\/uploads\\\/sites\\\/6\\\/2022\\\/06\\\/adozione-a-scuola.jpg\",\"width\":1600,\"height\":900},{\"@type\":\"BreadcrumbList\",\"@id\":\"https:\\\/\\\/progettotouring.it\\\/radiotouring104\\\/2026\\\/09\\\/03\\\/inizio-anno-scolastico-2026-27-a-reggio-una-madre-scrive-al-sindaco-gli-assistenti-educativi-siano-presenti-dal-primo-giorno\\\/#breadcrumb\",\"itemListElement\":[{\"@type\":\"ListItem\",\"position\":1,\"name\":\"Home\",\"item\":\"https:\\\/\\\/progettotouring.it\\\/radiotouring104\\\/\"},{\"@type\":\"ListItem\",\"position\":2,\"name\":\"Inizio Anno Scolastico 2026\\\/27 a Reggio, una madre scrive al Sindaco: &#8220;Gli assistenti educativi siano presenti dal primo giorno&#8221;\"}]},{\"@type\":\"WebSite\",\"@id\":\"https:\\\/\\\/progettotouring.it\\\/radiotouring104\\\/#website\",\"url\":\"https:\\\/\\\/progettotouring.it\\\/radiotouring104\\\/\",\"name\":\"Radio Touring 104\",\"description\":\"La prima radio Reggina\",\"publisher\":{\"@id\":\"https:\\\/\\\/progettotouring.it\\\/radiotouring104\\\/#organization\"},\"potentialAction\":[{\"@type\":\"SearchAction\",\"target\":{\"@type\":\"EntryPoint\",\"urlTemplate\":\"https:\\\/\\\/progettotouring.it\\\/radiotouring104\\\/?s={search_term_string}\"},\"query-input\":{\"@type\":\"PropertyValueSpecification\",\"valueRequired\":true,\"valueName\":\"search_term_string\"}}],\"inLanguage\":\"it-IT\"},{\"@type\":\"Organization\",\"@id\":\"https:\\\/\\\/progettotouring.it\\\/radiotouring104\\\/#organization\",\"name\":\"Radio Touring 104\",\"url\":\"https:\\\/\\\/progettotouring.it\\\/radiotouring104\\\/\",\"logo\":{\"@type\":\"ImageObject\",\"inLanguage\":\"it-IT\",\"@id\":\"https:\\\/\\\/progettotouring.it\\\/radiotouring104\\\/#\\\/schema\\\/logo\\\/image\\\/\",\"url\":\"https:\\\/\\\/progettotouring.it\\\/radiotouring104\\\/wp-content\\\/uploads\\\/sites\\\/6\\\/2022\\\/02\\\/cropped-logo-radio-touring-104.png\",\"contentUrl\":\"https:\\\/\\\/progettotouring.it\\\/radiotouring104\\\/wp-content\\\/uploads\\\/sites\\\/6\\\/2022\\\/02\\\/cropped-logo-radio-touring-104.png\",\"width\":377,\"height\":182,\"caption\":\"Radio Touring 104\"},\"image\":{\"@id\":\"https:\\\/\\\/progettotouring.it\\\/radiotouring104\\\/#\\\/schema\\\/logo\\\/image\\\/\"}},{\"@type\":\"Person\",\"@id\":\"https:\\\/\\\/progettotouring.it\\\/radiotouring104\\\/#\\\/schema\\\/person\\\/1b3eb3c07c47136bc44c785c543e635f\",\"name\":\"redazione\",\"image\":{\"@type\":\"ImageObject\",\"inLanguage\":\"it-IT\",\"@id\":\"https:\\\/\\\/secure.gravatar.com\\\/avatar\\\/0b31605b49f100769e8b624b3e05de1b73e1692e9568a352f60f53fd072e6e11?s=96&d=mm&r=g\",\"url\":\"https:\\\/\\\/secure.gravatar.com\\\/avatar\\\/0b31605b49f100769e8b624b3e05de1b73e1692e9568a352f60f53fd072e6e11?s=96&d=mm&r=g\",\"contentUrl\":\"https:\\\/\\\/secure.gravatar.com\\\/avatar\\\/0b31605b49f100769e8b624b3e05de1b73e1692e9568a352f60f53fd072e6e11?s=96&d=mm&r=g\",\"caption\":\"redazione\"},\"url\":\"https:\\\/\\\/progettotouring.it\\\/radiotouring104\\\/author\\\/redazione\\\/\"}]}<\/script>\n<!-- \/ Yoast SEO plugin. -->","yoast_head_json":{"title":"Inizio Anno Scolastico 2026\/27 a Reggio, una madre scrive al Sindaco: \"Gli assistenti educativi siano presenti dal primo giorno\" - Radio Touring 104","description":"La rappresentante dell\u2019associazione \"Il Volo delle Farfalle Evoluzione Autismo\", in vista della 1\u00b0 campanella, s'appella alle istituzioni","robots":{"index":"index","follow":"follow","max-snippet":"max-snippet:-1","max-image-preview":"max-image-preview:large","max-video-preview":"max-video-preview:-1"},"canonical":"https:\/\/progettotouring.it\/radiotouring104\/2026\/09\/03\/inizio-anno-scolastico-2026-27-a-reggio-una-madre-scrive-al-sindaco-gli-assistenti-educativi-siano-presenti-dal-primo-giorno\/","og_locale":"it_IT","og_type":"article","og_title":"Inizio Anno Scolastico 2026\/27 a Reggio, una madre scrive al Sindaco: \"Gli assistenti educativi siano presenti dal primo giorno\" - Radio Touring 104","og_description":"La rappresentante dell\u2019associazione \"Il Volo delle Farfalle Evoluzione Autismo\", in vista della 1\u00b0 campanella, s'appella alle istituzioni","og_url":"https:\/\/progettotouring.it\/radiotouring104\/2026\/09\/03\/inizio-anno-scolastico-2026-27-a-reggio-una-madre-scrive-al-sindaco-gli-assistenti-educativi-siano-presenti-dal-primo-giorno\/","og_site_name":"Radio Touring 104","article_published_time":"2026-09-03T10:09:24+00:00","article_modified_time":"2026-09-03T10:38:41+00:00","og_image":[{"width":1600,"height":900,"url":"https:\/\/progettotouring.it\/radiotouring104\/wp-content\/uploads\/sites\/6\/2022\/06\/adozione-a-scuola.jpg","type":"image\/jpeg"}],"author":"redazione","twitter_card":"summary_large_image","twitter_misc":{"Scritto da":"redazione","Tempo di lettura stimato":"1 minuto"},"schema":{"@context":"https:\/\/schema.org","@graph":[{"@type":"Article","@id":"https:\/\/progettotouring.it\/radiotouring104\/2026\/09\/03\/inizio-anno-scolastico-2026-27-a-reggio-una-madre-scrive-al-sindaco-gli-assistenti-educativi-siano-presenti-dal-primo-giorno\/#article","isPartOf":{"@id":"https:\/\/progettotouring.it\/radiotouring104\/2026\/09\/03\/inizio-anno-scolastico-2026-27-a-reggio-una-madre-scrive-al-sindaco-gli-assistenti-educativi-siano-presenti-dal-primo-giorno\/"},"author":{"name":"redazione","@id":"https:\/\/progettotouring.it\/radiotouring104\/#\/schema\/person\/1b3eb3c07c47136bc44c785c543e635f"},"headline":"Inizio Anno Scolastico 2026\/27 a Reggio, una madre scrive al Sindaco: &#8220;Gli assistenti educativi siano presenti dal primo giorno&#8221;","datePublished":"2026-09-03T10:09:24+00:00","dateModified":"2026-09-03T10:38:41+00:00","mainEntityOfPage":{"@id":"https:\/\/progettotouring.it\/radiotouring104\/2026\/09\/03\/inizio-anno-scolastico-2026-27-a-reggio-una-madre-scrive-al-sindaco-gli-assistenti-educativi-siano-presenti-dal-primo-giorno\/"},"wordCount":256,"publisher":{"@id":"https:\/\/progettotouring.it\/radiotouring104\/#organization"},"image":{"@id":"https:\/\/progettotouring.it\/radiotouring104\/2026\/09\/03\/inizio-anno-scolastico-2026-27-a-reggio-una-madre-scrive-al-sindaco-gli-assistenti-educativi-siano-presenti-dal-primo-giorno\/#primaryimage"},"thumbnailUrl":"https:\/\/progettotouring.it\/radiotouring104\/wp-content\/uploads\/sites\/6\/2022\/06\/adozione-a-scuola.jpg","keywords":["Associazione \"Il volo delle farfalle evoluzione autismo\"","francesco cannizzaro","Gli assistenti educativi siano presenti dal primo giorno","Inizio Anno Scolastico 2026\/27 a Reggio","lettera","Lucia Fio","paola villani"],"articleSection":["Home","In primo piano","News","Reggio Calabria"],"inLanguage":"it-IT"},{"@type":"WebPage","@id":"https:\/\/progettotouring.it\/radiotouring104\/2026\/09\/03\/inizio-anno-scolastico-2026-27-a-reggio-una-madre-scrive-al-sindaco-gli-assistenti-educativi-siano-presenti-dal-primo-giorno\/","url":"https:\/\/progettotouring.it\/radiotouring104\/2026\/09\/03\/inizio-anno-scolastico-2026-27-a-reggio-una-madre-scrive-al-sindaco-gli-assistenti-educativi-siano-presenti-dal-primo-giorno\/","name":"Inizio Anno Scolastico 2026\/27 a Reggio, una madre scrive al Sindaco: \"Gli assistenti educativi siano presenti dal primo giorno\" - Radio Touring 104","isPartOf":{"@id":"https:\/\/progettotouring.it\/radiotouring104\/#website"},"primaryImageOfPage":{"@id":"https:\/\/progettotouring.it\/radiotouring104\/2026\/09\/03\/inizio-anno-scolastico-2026-27-a-reggio-una-madre-scrive-al-sindaco-gli-assistenti-educativi-siano-presenti-dal-primo-giorno\/#primaryimage"},"image":{"@id":"https:\/\/progettotouring.it\/radiotouring104\/2026\/09\/03\/inizio-anno-scolastico-2026-27-a-reggio-una-madre-scrive-al-sindaco-gli-assistenti-educativi-siano-presenti-dal-primo-giorno\/#primaryimage"},"thumbnailUrl":"https:\/\/progettotouring.it\/radiotouring104\/wp-content\/uploads\/sites\/6\/2022\/06\/adozione-a-scuola.jpg","datePublished":"2026-09-03T10:09:24+00:00","dateModified":"2026-09-03T10:38:41+00:00","description":"La rappresentante dell\u2019associazione \"Il Volo delle Farfalle Evoluzione Autismo\", in vista della 1\u00b0 campanella, s'appella alle istituzioni","breadcrumb":{"@id":"https:\/\/progettotouring.it\/radiotouring104\/2026\/09\/03\/inizio-anno-scolastico-2026-27-a-reggio-una-madre-scrive-al-sindaco-gli-assistenti-educativi-siano-presenti-dal-primo-giorno\/#breadcrumb"},"inLanguage":"it-IT","potentialAction":[{"@type":"ReadAction","target":["https:\/\/progettotouring.it\/radiotouring104\/2026\/09\/03\/inizio-anno-scolastico-2026-27-a-reggio-una-madre-scrive-al-sindaco-gli-assistenti-educativi-siano-presenti-dal-primo-giorno\/"]}]},{"@type":"ImageObject","inLanguage":"it-IT","@id":"https:\/\/progettotouring.it\/radiotouring104\/2026\/09\/03\/inizio-anno-scolastico-2026-27-a-reggio-una-madre-scrive-al-sindaco-gli-assistenti-educativi-siano-presenti-dal-primo-giorno\/#primaryimage","url":"https:\/\/progettotouring.it\/radiotouring104\/wp-content\/uploads\/sites\/6\/2022\/06\/adozione-a-scuola.jpg","contentUrl":"https:\/\/progettotouring.it\/radiotouring104\/wp-content\/uploads\/sites\/6\/2022\/06\/adozione-a-scuola.jpg","width":1600,"height":900},{"@type":"BreadcrumbList","@id":"https:\/\/progettotouring.it\/radiotouring104\/2026\/09\/03\/inizio-anno-scolastico-2026-27-a-reggio-una-madre-scrive-al-sindaco-gli-assistenti-educativi-siano-presenti-dal-primo-giorno\/#breadcrumb","itemListElement":[{"@type":"ListItem","position":1,"name":"Home","item":"https:\/\/progettotouring.it\/radiotouring104\/"},{"@type":"ListItem","position":2,"name":"Inizio Anno Scolastico 2026\/27 a Reggio, una madre scrive al Sindaco: &#8220;Gli assistenti educativi siano presenti dal primo giorno&#8221;"}]},{"@type":"WebSite","@id":"https:\/\/progettotouring.it\/radiotouring104\/#website","url":"https:\/\/progettotouring.it\/radiotouring104\/","name":"Radio Touring 104","description":"La prima radio Reggina","publisher":{"@id":"https:\/\/progettotouring.it\/radiotouring104\/#organization"},"potentialAction":[{"@type":"SearchAction","target":{"@type":"EntryPoint","urlTemplate":"https:\/\/progettotouring.it\/radiotouring104\/?s={search_term_string}"},"query-input":{"@type":"PropertyValueSpecification","valueRequired":true,"valueName":"search_term_string"}}],"inLanguage":"it-IT"},{"@type":"Organization","@id":"https:\/\/progettotouring.it\/radiotouring104\/#organization","name":"Radio Touring 104","url":"https:\/\/progettotouring.it\/radiotouring104\/","logo":{"@type":"ImageObject","inLanguage":"it-IT","@id":"https:\/\/progettotouring.it\/radiotouring104\/#\/schema\/logo\/image\/","url":"https:\/\/progettotouring.it\/radiotouring104\/wp-content\/uploads\/sites\/6\/2022\/02\/cropped-logo-radio-touring-104.png","contentUrl":"https:\/\/progettotouring.it\/radiotouring104\/wp-content\/uploads\/sites\/6\/2022\/02\/cropped-logo-radio-touring-104.png","width":377,"height":182,"caption":"Radio Touring 104"},"image":{"@id":"https:\/\/progettotouring.it\/radiotouring104\/#\/schema\/logo\/image\/"}},{"@type":"Person","@id":"https:\/\/progettotouring.it\/radiotouring104\/#\/schema\/person\/1b3eb3c07c47136bc44c785c543e635f","name":"redazione","image":{"@type":"ImageObject","inLanguage":"it-IT","@id":"https:\/\/secure.gravatar.com\/avatar\/0b31605b49f100769e8b624b3e05de1b73e1692e9568a352f60f53fd072e6e11?s=96&d=mm&r=g","url":"https:\/\/secure.gravatar.com\/avatar\/0b31605b49f100769e8b624b3e05de1b73e1692e9568a352f60f53fd072e6e11?s=96&d=mm&r=g","contentUrl":"https:\/\/secure.gravatar.com\/avatar\/0b31605b49f100769e8b624b3e05de1b73e1692e9568a352f60f53fd072e6e11?s=96&d=mm&r=g","caption":"redazione"},"url":"https:\/\/progettotouring.it\/radiotouring104\/author\/redazione\/"}]}},"jetpack_publicize_connections":[],"jetpack_sharing_enabled":true,"jetpack_featured_media_url":"https:\/\/progettotouring.it\/radiotouring104\/wp-content\/uploads\/sites\/6\/2022\/06\/adozione-a-scuola.jpg","_links":{"self":[{"href":"https:\/\/progettotouring.it\/radiotouring104\/wp-json\/wp\/v2\/posts\/99707","targetHints":{"allow":["GET"]}}],"collection":[{"href":"https:\/\/progettotouring.it\/radiotouring104\/wp-json\/wp\/v2\/posts"}],"about":[{"href":"https:\/\/progettotouring.it\/radiotouring104\/wp-json\/wp\/v2\/types\/post"}],"author":[{"embeddable":true,"href":"https:\/\/progettotouring.it\/radiotouring104\/wp-json\/wp\/v2\/users\/5"}],"replies":[{"embeddable":true,"href":"https:\/\/progettotouring.it\/radiotouring104\/wp-json\/wp\/v2\/comments?post=99707"}],"version-history":[{"count":2,"href":"https:\/\/progettotouring.it\/radiotouring104\/wp-json\/wp\/v2\/posts\/99707\/revisions"}],"predecessor-version":[{"id":99709,"href":"https:\/\/progettotouring.it\/radiotouring104\/wp-json\/wp\/v2\/posts\/99707\/revisions\/99709"}],"wp:featuredmedia":[{"embeddable":true,"href":"https:\/\/progettotouring.it\/radiotouring104\/wp-json\/wp\/v2\/media\/7380"}],"wp:attachment":[{"href":"https:\/\/progettotouring.it\/radiotouring104\/wp-json\/wp\/v2\/media?parent=99707"}],"wp:term":[{"taxonomy":"category","embeddable":true,"href":"https:\/\/progettotouring.it\/radiotouring104\/wp-json\/wp\/v2\/categories?post=99707"},{"taxonomy":"post_tag","embeddable":true,"href":"https:\/\/progettotouring.it\/radiotouring104\/wp-json\/wp\/v2\/tags?post=99707"}],"curies":[{"name":"wp","href":"https:\/\/api.w.org\/{rel}","templated":true}]}}