{"id":99710,"date":"2026-09-03T12:27:05","date_gmt":"2026-09-03T10:27:05","guid":{"rendered":"https:\/\/progettotouring.it\/radiotouring104\/?p=99710"},"modified":"2026-09-03T12:27:05","modified_gmt":"2026-09-03T10:27:05","slug":"aeroporto-dello-stretto-cannizzaro-annuncia-investimenti-per-64-mln","status":"publish","type":"post","link":"https:\/\/progettotouring.it\/radiotouring104\/2026\/09\/03\/aeroporto-dello-stretto-cannizzaro-annuncia-investimenti-per-64-mln\/","title":{"rendered":"Aeroporto dello Stretto: Cannizzaro annuncia investimenti per 64 mln"},"content":{"rendered":"<p>Palazzo Campanella, focus sul futuro del Tito Minniti. Annunciato dal sindaco un pacchetto da 64 milioni per terminal, viabilit\u00e0, aree esterne e digitalizzazione. Sullo sfondo il ridisegno dell&#8217;operativo Ryanair.<\/p>\n<p>Si apre una nuova stagione per l&#8217;Aeroporto dello Stretto. A Palazzo Campanella, nella sala &#8220;Giuditta Levato&#8221; del Consiglio regionale della Calabria, \u00e8 in corso la conferenza stampa dedicata alle attivit\u00e0 e alle prospettive di sviluppo del Tito Minniti. Presenti il presidente di Sacal Luciano Vigna, il sindaco di Reggio Calabria Francesco Cannizzaro e il presidente della Regione Calabria Roberto Occhiuto. Un incontro calendarizzato da tempo, voluto soprattutto per tracciare la prossima fase di crescita dello scalo e per presentare alla citt\u00e0 la nuova guida di Sacal.<\/p>\n<p>Cannizzaro: &#8220;64 milioni per lo scalo reggino&#8221;<\/p>\n<p>A dare il via al capitolo investimenti \u00e8 stato Cannizzaro, che ha reso nota una dotazione complessiva da 64 milioni di euro per l&#8217;Aeroporto dello Stretto.&#8221;\u00c8 essenziale raccontare bene il lavoro che \u00e8 stato fatto per l&#8217;aeroporto di Reggio e quello che realizzeremo in futuro&#8221;, ha esordito il primo cittadino, accogliendo il nuovo presidente Sacal. &#8220;Ringrazio il presidente Vigna, a cui porgo il benvenuto a Reggio Calabria. \u00c8 un presidente lungimirante e sta gi\u00e0 portando avanti un lavoro straordinario. Lo ringrazio per quanto gi\u00e0 realizzato in queste poche settimane, in continuit\u00e0 con il percorso avviato, ma soprattutto per quello che far\u00e0&#8221;.<\/p>\n<p>Il cuore dell&#8217;intervento riguarda le risorse programmate.\u00a0 &#8220;Annunciamo 64 milioni di euro per l&#8217;aeroporto di Reggio. Sessantiquattro milioni per rendere concreto e certificare l&#8217;impegno di questa governance e proiettare la nostra citt\u00e0 nel futuro che merita&#8221;.<\/p>\n<p>Una dotazione importante che, secondo quanto illustrato in conferenza, dovr\u00e0 intervenire non solo sull&#8217;aerostazione, ma sull&#8217;intero sistema di accessibilit\u00e0 e funzionalit\u00e0 dell&#8217;infrastruttura.<\/p>\n<p>&#8220;La crescita di Reggio passa anche dall&#8217;aeroporto&#8221;<\/p>\n<p>Cannizzaro ha rivendicato con toni decisi il percorso degli ultimi anni, replicando indirettamente anche alle polemiche politiche emerse nelle ultime settimane.<\/p>\n<p>&#8220;Mentre altri stanno l\u00ec ad augurarsi che qualcosa vada male nelle opere e nelle infrastrutture, noi siamo qui a dimostrare con i fatti che prendiamo le distanze dalle polemiche sterili che non hanno alcun fondamento. Gli altri fanno solo chiacchiere e distintivo&#8221;.Il sindaco ha poi messo in relazione lo sviluppo dello scalo con l&#8217;aumento dei flussi turistici registrato dalla citt\u00e0.<\/p>\n<p>&#8220;Reggio \u00e8 stata presa d&#8217;assalto dai turisti e siamo solo all&#8217;inizio. Se Reggio \u00e8 cresciuta lo si deve al lavoro portato avanti dalla Regione in sinergia con questa amministrazione. Grazie a Occhiuto&#8221;.<\/p>\n<p>Nel suo intervento Cannizzaro ha richiamato anche il tema della celerit\u00e0 nella realizzazione delle opere pubbliche, citando i cantieri in corso in citt\u00e0: &#8220;Al presidente ricordo che in questa citt\u00e0 in otto anni non sono stati capaci di fare un ponte che io realizzer\u00f2 in 48 giorni&#8221;.<\/p>\n<p>La nuova fase del Tito Minniti e il nodo Ryanair<\/p>\n<p>La conferenza si inserisce in un momento delicato per l&#8217;Aeroporto dello Stretto. Dalla prossima stagione invernale Ryanair rimoduler\u00e0 in modo sensibile la propria presenza su Reggio Calabria.<\/p>\n<p>Verranno sospese Berlino, Bruxelles, Londra, Katowice e Parigi, mentre rimarr\u00e0 operativa Barcellona.<\/p>\n<p>In parallelo sar\u00e0 rafforzato il network nazionale, con l&#8217;introduzione del giornaliero per Milano Bergamo e l&#8217;ingresso di Parma con tre collegamenti settimanali. In base all&#8217;analisi del programmato, il volume complessivo di posti offerti dalla compagnia dovrebbe mantenersi sostanzialmente invariato: a mutare \u00e8 soprattutto la ripartizione tra rotte domestiche e internazionali.<\/p>\n<p>Il tema assume un peso ancora maggiore perch\u00e9 si avvicina la scadenza della prima fase dell&#8217;intesa triennale tra Regione Calabria e Ryanair. Nei prossimi mesi bisogner\u00e0 quindi capire quale sar\u00e0 la linea del vettore irlandese e, soprattutto, quale modello Regione e Sacal intendano adottare per consolidare i risultati raggiunti dallo scalo.<\/p>\n<p>Il Tito Minniti arriva da una fase di espansione che ha riportato l&#8217;aeroporto al centro del sistema dei trasporti calabrese, fino al traguardo del milione di passeggeri. La sfida adesso \u00e8 trasformare quella crescita in una prospettiva stabile e di medio-lungo periodo.<\/p>\n<p>\u00c8 in questa direzione che si collocano i 64 milioni annunciati oggi: infrastrutture, ampliamento del terminal, riqualificazione degli accessi e nuovi servizi per accompagnare una fase in cui l&#8217;Aeroporto dello Stretto dovr\u00e0 puntare non solo all&#8217;aumento dei voli, ma anche alla capacit\u00e0 di affermarsi come porta d&#8217;ingresso sempre pi\u00f9 funzionale per Reggio Calabria e per l&#8217;intera area dello Stretto.<\/p>\n","protected":false},"excerpt":{"rendered":"<p>Palazzo Campanella, focus sul futuro del Tito Minniti. Annunciato dal sindaco un pacchetto da 64 milioni per terminal, viabilit\u00e0, aree esterne e digitalizzazione. Sullo sfondo il ridisegno dell&#8217;operativo Ryanair. Si&hellip;<\/p>\n","protected":false},"author":12,"featured_media":99711,"comment_status":"closed","ping_status":"open","sticky":false,"template":"","format":"standard","meta":{"_jetpack_newsletter_access":"","_jetpack_dont_email_post_to_subs":false,"_jetpack_newsletter_tier_id":0,"_jetpack_memberships_contains_paywalled_content":false,"_jetpack_feature_clip_id":0,"_jetpack_memberships_contains_paid_content":false,"footnotes":"","jetpack_publicize_message":"","jetpack_publicize_feature_enabled":true,"jetpack_social_post_already_shared":true,"jetpack_social_options":{"image_generator_settings":{"template":"highway","default_image_id":0,"font":"","enabled":false},"version":2},"jetpack_post_was_ever_published":false},"categories":[921,150,196,140],"tags":[56270,2413,56275,56273,56272,26527,56271,56269,56268,1429,18340,2415,56274],"class_list":["post-99710","post","type-post","status-publish","format-standard","has-post-thumbnail","hentry","category-home","category-in-primo-piano","category-news","category-reggio-calabria","tag-2-5-per-potenziamento-vigili-del-fuoco","tag-aeroporto-dello-stretto","tag-barcellona-unico-volo-internazionale","tag-bergamo-confermato","tag-cancellazione-voli-internazionali","tag-cannizzaro-francesco","tag-digitalizzazione-5-milioni","tag-finanziamento-aeroporto-di-64-milioni","tag-investimenti-per-64-mln","tag-luciano-vigna","tag-occhiuto-roberto","tag-sacal","tag-torino-confermato"],"yoast_head":"<!-- This site is optimized with the Yoast SEO plugin v28.3 - https:\/\/yoast.com\/product\/yoast-seo-wordpress\/ -->\n<title>Aeroporto dello Stretto: Cannizzaro annuncia investimenti per 64 mln - Radio Touring 104<\/title>\n<meta name=\"description\" content=\"&quot;Mentre altri sperano che le cose nelle opere vadano male, siamo qui a dimostrare coi fatti che prendiamo le distanze dalle polemiche sterili&quot;\" \/>\n<meta name=\"robots\" content=\"index, follow, max-snippet:-1, max-image-preview:large, max-video-preview:-1\" \/>\n<link rel=\"canonical\" href=\"https:\/\/progettotouring.it\/radiotouring104\/2026\/09\/03\/aeroporto-dello-stretto-cannizzaro-annuncia-investimenti-per-64-mln\/\" \/>\n<meta property=\"og:locale\" content=\"it_IT\" \/>\n<meta property=\"og:type\" content=\"article\" \/>\n<meta property=\"og:title\" content=\"Aeroporto dello Stretto: Cannizzaro annuncia investimenti per 64 mln - Radio Touring 104\" \/>\n<meta property=\"og:description\" content=\"&quot;Mentre altri sperano che le cose nelle opere vadano male, siamo qui a dimostrare coi fatti che prendiamo le distanze dalle polemiche sterili&quot;\" \/>\n<meta property=\"og:url\" content=\"https:\/\/progettotouring.it\/radiotouring104\/2026\/09\/03\/aeroporto-dello-stretto-cannizzaro-annuncia-investimenti-per-64-mln\/\" \/>\n<meta property=\"og:site_name\" content=\"Radio Touring 104\" \/>\n<meta property=\"article:published_time\" content=\"2026-09-03T10:27:05+00:00\" \/>\n<meta property=\"og:image\" content=\"https:\/\/progettotouring.it\/radiotouring104\/wp-content\/uploads\/sites\/6\/2026\/09\/Francesco-Cannizzaro-Roberto-Occhiuto-Luciano-Vigna-conferenza-stampa-aeroporto-dello-Stretto-Consiglio-Regionale.jpeg\" \/>\n\t<meta property=\"og:image:width\" content=\"2048\" \/>\n\t<meta property=\"og:image:height\" content=\"920\" \/>\n\t<meta property=\"og:image:type\" content=\"image\/jpeg\" \/>\n<meta name=\"author\" content=\"Sebastiano Plutino\" \/>\n<meta name=\"twitter:card\" content=\"summary_large_image\" \/>\n<meta name=\"twitter:label1\" content=\"Scritto da\" \/>\n\t<meta name=\"twitter:data1\" content=\"Sebastiano Plutino\" \/>\n\t<meta name=\"twitter:label2\" content=\"Tempo di lettura stimato\" \/>\n\t<meta name=\"twitter:data2\" content=\"3 minuti\" \/>\n<script type=\"application\/ld+json\" class=\"yoast-schema-graph\">{\"@context\":\"https:\\\/\\\/schema.org\",\"@graph\":[{\"@type\":\"Article\",\"@id\":\"https:\\\/\\\/progettotouring.it\\\/radiotouring104\\\/2026\\\/09\\\/03\\\/aeroporto-dello-stretto-cannizzaro-annuncia-investimenti-per-64-mln\\\/#article\",\"isPartOf\":{\"@id\":\"https:\\\/\\\/progettotouring.it\\\/radiotouring104\\\/2026\\\/09\\\/03\\\/aeroporto-dello-stretto-cannizzaro-annuncia-investimenti-per-64-mln\\\/\"},\"author\":{\"name\":\"Sebastiano Plutino\",\"@id\":\"https:\\\/\\\/progettotouring.it\\\/radiotouring104\\\/#\\\/schema\\\/person\\\/78613917f1851f041f7483f5af1d422e\"},\"headline\":\"Aeroporto dello Stretto: Cannizzaro annuncia investimenti per 64 mln\",\"datePublished\":\"2026-09-03T10:27:05+00:00\",\"mainEntityOfPage\":{\"@id\":\"https:\\\/\\\/progettotouring.it\\\/radiotouring104\\\/2026\\\/09\\\/03\\\/aeroporto-dello-stretto-cannizzaro-annuncia-investimenti-per-64-mln\\\/\"},\"wordCount\":693,\"publisher\":{\"@id\":\"https:\\\/\\\/progettotouring.it\\\/radiotouring104\\\/#organization\"},\"image\":{\"@id\":\"https:\\\/\\\/progettotouring.it\\\/radiotouring104\\\/2026\\\/09\\\/03\\\/aeroporto-dello-stretto-cannizzaro-annuncia-investimenti-per-64-mln\\\/#primaryimage\"},\"thumbnailUrl\":\"https:\\\/\\\/progettotouring.it\\\/radiotouring104\\\/wp-content\\\/uploads\\\/sites\\\/6\\\/2026\\\/09\\\/Francesco-Cannizzaro-Roberto-Occhiuto-Luciano-Vigna-conferenza-stampa-aeroporto-dello-Stretto-Consiglio-Regionale.jpeg\",\"keywords\":[\"2.5 per potenziamento vigili del fuoco\",\"Aeroporto dello Stretto\",\"barcellona unico volo internazionale\",\"bergamo confermato\",\"cancellazione voli internazionali\",\"cannizzaro francesco\",\"Digitalizzazione 5 milioni\",\"finanziamento aeroporto di 64 milioni\",\"investimenti per 64 mln\",\"Luciano Vigna\",\"Occhiuto Roberto\",\"SACAL\",\"torino confermato\"],\"articleSection\":[\"Home\",\"In primo piano\",\"News\",\"Reggio Calabria\"],\"inLanguage\":\"it-IT\"},{\"@type\":\"WebPage\",\"@id\":\"https:\\\/\\\/progettotouring.it\\\/radiotouring104\\\/2026\\\/09\\\/03\\\/aeroporto-dello-stretto-cannizzaro-annuncia-investimenti-per-64-mln\\\/\",\"url\":\"https:\\\/\\\/progettotouring.it\\\/radiotouring104\\\/2026\\\/09\\\/03\\\/aeroporto-dello-stretto-cannizzaro-annuncia-investimenti-per-64-mln\\\/\",\"name\":\"Aeroporto dello Stretto: Cannizzaro annuncia investimenti per 64 mln - Radio Touring 104\",\"isPartOf\":{\"@id\":\"https:\\\/\\\/progettotouring.it\\\/radiotouring104\\\/#website\"},\"primaryImageOfPage\":{\"@id\":\"https:\\\/\\\/progettotouring.it\\\/radiotouring104\\\/2026\\\/09\\\/03\\\/aeroporto-dello-stretto-cannizzaro-annuncia-investimenti-per-64-mln\\\/#primaryimage\"},\"image\":{\"@id\":\"https:\\\/\\\/progettotouring.it\\\/radiotouring104\\\/2026\\\/09\\\/03\\\/aeroporto-dello-stretto-cannizzaro-annuncia-investimenti-per-64-mln\\\/#primaryimage\"},\"thumbnailUrl\":\"https:\\\/\\\/progettotouring.it\\\/radiotouring104\\\/wp-content\\\/uploads\\\/sites\\\/6\\\/2026\\\/09\\\/Francesco-Cannizzaro-Roberto-Occhiuto-Luciano-Vigna-conferenza-stampa-aeroporto-dello-Stretto-Consiglio-Regionale.jpeg\",\"datePublished\":\"2026-09-03T10:27:05+00:00\",\"description\":\"\\\"Mentre altri sperano che le cose nelle opere vadano male, siamo qui a dimostrare coi fatti che prendiamo le distanze dalle polemiche sterili\\\"\",\"breadcrumb\":{\"@id\":\"https:\\\/\\\/progettotouring.it\\\/radiotouring104\\\/2026\\\/09\\\/03\\\/aeroporto-dello-stretto-cannizzaro-annuncia-investimenti-per-64-mln\\\/#breadcrumb\"},\"inLanguage\":\"it-IT\",\"potentialAction\":[{\"@type\":\"ReadAction\",\"target\":[\"https:\\\/\\\/progettotouring.it\\\/radiotouring104\\\/2026\\\/09\\\/03\\\/aeroporto-dello-stretto-cannizzaro-annuncia-investimenti-per-64-mln\\\/\"]}]},{\"@type\":\"ImageObject\",\"inLanguage\":\"it-IT\",\"@id\":\"https:\\\/\\\/progettotouring.it\\\/radiotouring104\\\/2026\\\/09\\\/03\\\/aeroporto-dello-stretto-cannizzaro-annuncia-investimenti-per-64-mln\\\/#primaryimage\",\"url\":\"https:\\\/\\\/progettotouring.it\\\/radiotouring104\\\/wp-content\\\/uploads\\\/sites\\\/6\\\/2026\\\/09\\\/Francesco-Cannizzaro-Roberto-Occhiuto-Luciano-Vigna-conferenza-stampa-aeroporto-dello-Stretto-Consiglio-Regionale.jpeg\",\"contentUrl\":\"https:\\\/\\\/progettotouring.it\\\/radiotouring104\\\/wp-content\\\/uploads\\\/sites\\\/6\\\/2026\\\/09\\\/Francesco-Cannizzaro-Roberto-Occhiuto-Luciano-Vigna-conferenza-stampa-aeroporto-dello-Stretto-Consiglio-Regionale.jpeg\",\"width\":2048,\"height\":920},{\"@type\":\"BreadcrumbList\",\"@id\":\"https:\\\/\\\/progettotouring.it\\\/radiotouring104\\\/2026\\\/09\\\/03\\\/aeroporto-dello-stretto-cannizzaro-annuncia-investimenti-per-64-mln\\\/#breadcrumb\",\"itemListElement\":[{\"@type\":\"ListItem\",\"position\":1,\"name\":\"Home\",\"item\":\"https:\\\/\\\/progettotouring.it\\\/radiotouring104\\\/\"},{\"@type\":\"ListItem\",\"position\":2,\"name\":\"Aeroporto dello Stretto: Cannizzaro annuncia investimenti per 64 mln\"}]},{\"@type\":\"WebSite\",\"@id\":\"https:\\\/\\\/progettotouring.it\\\/radiotouring104\\\/#website\",\"url\":\"https:\\\/\\\/progettotouring.it\\\/radiotouring104\\\/\",\"name\":\"Radio Touring 104\",\"description\":\"La prima radio Reggina\",\"publisher\":{\"@id\":\"https:\\\/\\\/progettotouring.it\\\/radiotouring104\\\/#organization\"},\"potentialAction\":[{\"@type\":\"SearchAction\",\"target\":{\"@type\":\"EntryPoint\",\"urlTemplate\":\"https:\\\/\\\/progettotouring.it\\\/radiotouring104\\\/?s={search_term_string}\"},\"query-input\":{\"@type\":\"PropertyValueSpecification\",\"valueRequired\":true,\"valueName\":\"search_term_string\"}}],\"inLanguage\":\"it-IT\"},{\"@type\":\"Organization\",\"@id\":\"https:\\\/\\\/progettotouring.it\\\/radiotouring104\\\/#organization\",\"name\":\"Radio Touring 104\",\"url\":\"https:\\\/\\\/progettotouring.it\\\/radiotouring104\\\/\",\"logo\":{\"@type\":\"ImageObject\",\"inLanguage\":\"it-IT\",\"@id\":\"https:\\\/\\\/progettotouring.it\\\/radiotouring104\\\/#\\\/schema\\\/logo\\\/image\\\/\",\"url\":\"https:\\\/\\\/progettotouring.it\\\/radiotouring104\\\/wp-content\\\/uploads\\\/sites\\\/6\\\/2022\\\/02\\\/cropped-logo-radio-touring-104.png\",\"contentUrl\":\"https:\\\/\\\/progettotouring.it\\\/radiotouring104\\\/wp-content\\\/uploads\\\/sites\\\/6\\\/2022\\\/02\\\/cropped-logo-radio-touring-104.png\",\"width\":377,\"height\":182,\"caption\":\"Radio Touring 104\"},\"image\":{\"@id\":\"https:\\\/\\\/progettotouring.it\\\/radiotouring104\\\/#\\\/schema\\\/logo\\\/image\\\/\"}},{\"@type\":\"Person\",\"@id\":\"https:\\\/\\\/progettotouring.it\\\/radiotouring104\\\/#\\\/schema\\\/person\\\/78613917f1851f041f7483f5af1d422e\",\"name\":\"Sebastiano Plutino\",\"image\":{\"@type\":\"ImageObject\",\"inLanguage\":\"it-IT\",\"@id\":\"https:\\\/\\\/secure.gravatar.com\\\/avatar\\\/0546ffaa9b79224faf9f2a156b67a529ae861d3287c66c1d8ccfdf909bcba78d?s=96&d=mm&r=g\",\"url\":\"https:\\\/\\\/secure.gravatar.com\\\/avatar\\\/0546ffaa9b79224faf9f2a156b67a529ae861d3287c66c1d8ccfdf909bcba78d?s=96&d=mm&r=g\",\"contentUrl\":\"https:\\\/\\\/secure.gravatar.com\\\/avatar\\\/0546ffaa9b79224faf9f2a156b67a529ae861d3287c66c1d8ccfdf909bcba78d?s=96&d=mm&r=g\",\"caption\":\"Sebastiano Plutino\"},\"url\":\"https:\\\/\\\/progettotouring.it\\\/radiotouring104\\\/author\\\/sebastiano\\\/\"}]}<\/script>\n<!-- \/ Yoast SEO plugin. -->","yoast_head_json":{"title":"Aeroporto dello Stretto: Cannizzaro annuncia investimenti per 64 mln - Radio Touring 104","description":"\"Mentre altri sperano che le cose nelle opere vadano male, siamo qui a dimostrare coi fatti che prendiamo le distanze dalle polemiche sterili\"","robots":{"index":"index","follow":"follow","max-snippet":"max-snippet:-1","max-image-preview":"max-image-preview:large","max-video-preview":"max-video-preview:-1"},"canonical":"https:\/\/progettotouring.it\/radiotouring104\/2026\/09\/03\/aeroporto-dello-stretto-cannizzaro-annuncia-investimenti-per-64-mln\/","og_locale":"it_IT","og_type":"article","og_title":"Aeroporto dello Stretto: Cannizzaro annuncia investimenti per 64 mln - Radio Touring 104","og_description":"\"Mentre altri sperano che le cose nelle opere vadano male, siamo qui a dimostrare coi fatti che prendiamo le distanze dalle polemiche sterili\"","og_url":"https:\/\/progettotouring.it\/radiotouring104\/2026\/09\/03\/aeroporto-dello-stretto-cannizzaro-annuncia-investimenti-per-64-mln\/","og_site_name":"Radio Touring 104","article_published_time":"2026-09-03T10:27:05+00:00","og_image":[{"width":2048,"height":920,"url":"https:\/\/progettotouring.it\/radiotouring104\/wp-content\/uploads\/sites\/6\/2026\/09\/Francesco-Cannizzaro-Roberto-Occhiuto-Luciano-Vigna-conferenza-stampa-aeroporto-dello-Stretto-Consiglio-Regionale.jpeg","type":"image\/jpeg"}],"author":"Sebastiano Plutino","twitter_card":"summary_large_image","twitter_misc":{"Scritto da":"Sebastiano Plutino","Tempo di lettura stimato":"3 minuti"},"schema":{"@context":"https:\/\/schema.org","@graph":[{"@type":"Article","@id":"https:\/\/progettotouring.it\/radiotouring104\/2026\/09\/03\/aeroporto-dello-stretto-cannizzaro-annuncia-investimenti-per-64-mln\/#article","isPartOf":{"@id":"https:\/\/progettotouring.it\/radiotouring104\/2026\/09\/03\/aeroporto-dello-stretto-cannizzaro-annuncia-investimenti-per-64-mln\/"},"author":{"name":"Sebastiano Plutino","@id":"https:\/\/progettotouring.it\/radiotouring104\/#\/schema\/person\/78613917f1851f041f7483f5af1d422e"},"headline":"Aeroporto dello Stretto: Cannizzaro annuncia investimenti per 64 mln","datePublished":"2026-09-03T10:27:05+00:00","mainEntityOfPage":{"@id":"https:\/\/progettotouring.it\/radiotouring104\/2026\/09\/03\/aeroporto-dello-stretto-cannizzaro-annuncia-investimenti-per-64-mln\/"},"wordCount":693,"publisher":{"@id":"https:\/\/progettotouring.it\/radiotouring104\/#organization"},"image":{"@id":"https:\/\/progettotouring.it\/radiotouring104\/2026\/09\/03\/aeroporto-dello-stretto-cannizzaro-annuncia-investimenti-per-64-mln\/#primaryimage"},"thumbnailUrl":"https:\/\/progettotouring.it\/radiotouring104\/wp-content\/uploads\/sites\/6\/2026\/09\/Francesco-Cannizzaro-Roberto-Occhiuto-Luciano-Vigna-conferenza-stampa-aeroporto-dello-Stretto-Consiglio-Regionale.jpeg","keywords":["2.5 per potenziamento vigili del fuoco","Aeroporto dello Stretto","barcellona unico volo internazionale","bergamo confermato","cancellazione voli internazionali","cannizzaro francesco","Digitalizzazione 5 milioni","finanziamento aeroporto di 64 milioni","investimenti per 64 mln","Luciano Vigna","Occhiuto Roberto","SACAL","torino confermato"],"articleSection":["Home","In primo piano","News","Reggio Calabria"],"inLanguage":"it-IT"},{"@type":"WebPage","@id":"https:\/\/progettotouring.it\/radiotouring104\/2026\/09\/03\/aeroporto-dello-stretto-cannizzaro-annuncia-investimenti-per-64-mln\/","url":"https:\/\/progettotouring.it\/radiotouring104\/2026\/09\/03\/aeroporto-dello-stretto-cannizzaro-annuncia-investimenti-per-64-mln\/","name":"Aeroporto dello Stretto: Cannizzaro annuncia investimenti per 64 mln - Radio Touring 104","isPartOf":{"@id":"https:\/\/progettotouring.it\/radiotouring104\/#website"},"primaryImageOfPage":{"@id":"https:\/\/progettotouring.it\/radiotouring104\/2026\/09\/03\/aeroporto-dello-stretto-cannizzaro-annuncia-investimenti-per-64-mln\/#primaryimage"},"image":{"@id":"https:\/\/progettotouring.it\/radiotouring104\/2026\/09\/03\/aeroporto-dello-stretto-cannizzaro-annuncia-investimenti-per-64-mln\/#primaryimage"},"thumbnailUrl":"https:\/\/progettotouring.it\/radiotouring104\/wp-content\/uploads\/sites\/6\/2026\/09\/Francesco-Cannizzaro-Roberto-Occhiuto-Luciano-Vigna-conferenza-stampa-aeroporto-dello-Stretto-Consiglio-Regionale.jpeg","datePublished":"2026-09-03T10:27:05+00:00","description":"\"Mentre altri sperano che le cose nelle opere vadano male, siamo qui a dimostrare coi fatti che prendiamo le distanze dalle polemiche sterili\"","breadcrumb":{"@id":"https:\/\/progettotouring.it\/radiotouring104\/2026\/09\/03\/aeroporto-dello-stretto-cannizzaro-annuncia-investimenti-per-64-mln\/#breadcrumb"},"inLanguage":"it-IT","potentialAction":[{"@type":"ReadAction","target":["https:\/\/progettotouring.it\/radiotouring104\/2026\/09\/03\/aeroporto-dello-stretto-cannizzaro-annuncia-investimenti-per-64-mln\/"]}]},{"@type":"ImageObject","inLanguage":"it-IT","@id":"https:\/\/progettotouring.it\/radiotouring104\/2026\/09\/03\/aeroporto-dello-stretto-cannizzaro-annuncia-investimenti-per-64-mln\/#primaryimage","url":"https:\/\/progettotouring.it\/radiotouring104\/wp-content\/uploads\/sites\/6\/2026\/09\/Francesco-Cannizzaro-Roberto-Occhiuto-Luciano-Vigna-conferenza-stampa-aeroporto-dello-Stretto-Consiglio-Regionale.jpeg","contentUrl":"https:\/\/progettotouring.it\/radiotouring104\/wp-content\/uploads\/sites\/6\/2026\/09\/Francesco-Cannizzaro-Roberto-Occhiuto-Luciano-Vigna-conferenza-stampa-aeroporto-dello-Stretto-Consiglio-Regionale.jpeg","width":2048,"height":920},{"@type":"BreadcrumbList","@id":"https:\/\/progettotouring.it\/radiotouring104\/2026\/09\/03\/aeroporto-dello-stretto-cannizzaro-annuncia-investimenti-per-64-mln\/#breadcrumb","itemListElement":[{"@type":"ListItem","position":1,"name":"Home","item":"https:\/\/progettotouring.it\/radiotouring104\/"},{"@type":"ListItem","position":2,"name":"Aeroporto dello Stretto: Cannizzaro annuncia investimenti per 64 mln"}]},{"@type":"WebSite","@id":"https:\/\/progettotouring.it\/radiotouring104\/#website","url":"https:\/\/progettotouring.it\/radiotouring104\/","name":"Radio Touring 104","description":"La prima radio Reggina","publisher":{"@id":"https:\/\/progettotouring.it\/radiotouring104\/#organization"},"potentialAction":[{"@type":"SearchAction","target":{"@type":"EntryPoint","urlTemplate":"https:\/\/progettotouring.it\/radiotouring104\/?s={search_term_string}"},"query-input":{"@type":"PropertyValueSpecification","valueRequired":true,"valueName":"search_term_string"}}],"inLanguage":"it-IT"},{"@type":"Organization","@id":"https:\/\/progettotouring.it\/radiotouring104\/#organization","name":"Radio Touring 104","url":"https:\/\/progettotouring.it\/radiotouring104\/","logo":{"@type":"ImageObject","inLanguage":"it-IT","@id":"https:\/\/progettotouring.it\/radiotouring104\/#\/schema\/logo\/image\/","url":"https:\/\/progettotouring.it\/radiotouring104\/wp-content\/uploads\/sites\/6\/2022\/02\/cropped-logo-radio-touring-104.png","contentUrl":"https:\/\/progettotouring.it\/radiotouring104\/wp-content\/uploads\/sites\/6\/2022\/02\/cropped-logo-radio-touring-104.png","width":377,"height":182,"caption":"Radio Touring 104"},"image":{"@id":"https:\/\/progettotouring.it\/radiotouring104\/#\/schema\/logo\/image\/"}},{"@type":"Person","@id":"https:\/\/progettotouring.it\/radiotouring104\/#\/schema\/person\/78613917f1851f041f7483f5af1d422e","name":"Sebastiano Plutino","image":{"@type":"ImageObject","inLanguage":"it-IT","@id":"https:\/\/secure.gravatar.com\/avatar\/0546ffaa9b79224faf9f2a156b67a529ae861d3287c66c1d8ccfdf909bcba78d?s=96&d=mm&r=g","url":"https:\/\/secure.gravatar.com\/avatar\/0546ffaa9b79224faf9f2a156b67a529ae861d3287c66c1d8ccfdf909bcba78d?s=96&d=mm&r=g","contentUrl":"https:\/\/secure.gravatar.com\/avatar\/0546ffaa9b79224faf9f2a156b67a529ae861d3287c66c1d8ccfdf909bcba78d?s=96&d=mm&r=g","caption":"Sebastiano Plutino"},"url":"https:\/\/progettotouring.it\/radiotouring104\/author\/sebastiano\/"}]}},"jetpack_publicize_connections":[],"jetpack_sharing_enabled":true,"jetpack_featured_media_url":"https:\/\/progettotouring.it\/radiotouring104\/wp-content\/uploads\/sites\/6\/2026\/09\/Francesco-Cannizzaro-Roberto-Occhiuto-Luciano-Vigna-conferenza-stampa-aeroporto-dello-Stretto-Consiglio-Regionale.jpeg","_links":{"self":[{"href":"https:\/\/progettotouring.it\/radiotouring104\/wp-json\/wp\/v2\/posts\/99710","targetHints":{"allow":["GET"]}}],"collection":[{"href":"https:\/\/progettotouring.it\/radiotouring104\/wp-json\/wp\/v2\/posts"}],"about":[{"href":"https:\/\/progettotouring.it\/radiotouring104\/wp-json\/wp\/v2\/types\/post"}],"author":[{"embeddable":true,"href":"https:\/\/progettotouring.it\/radiotouring104\/wp-json\/wp\/v2\/users\/12"}],"replies":[{"embeddable":true,"href":"https:\/\/progettotouring.it\/radiotouring104\/wp-json\/wp\/v2\/comments?post=99710"}],"version-history":[{"count":1,"href":"https:\/\/progettotouring.it\/radiotouring104\/wp-json\/wp\/v2\/posts\/99710\/revisions"}],"predecessor-version":[{"id":99712,"href":"https:\/\/progettotouring.it\/radiotouring104\/wp-json\/wp\/v2\/posts\/99710\/revisions\/99712"}],"wp:featuredmedia":[{"embeddable":true,"href":"https:\/\/progettotouring.it\/radiotouring104\/wp-json\/wp\/v2\/media\/99711"}],"wp:attachment":[{"href":"https:\/\/progettotouring.it\/radiotouring104\/wp-json\/wp\/v2\/media?parent=99710"}],"wp:term":[{"taxonomy":"category","embeddable":true,"href":"https:\/\/progettotouring.it\/radiotouring104\/wp-json\/wp\/v2\/categories?post=99710"},{"taxonomy":"post_tag","embeddable":true,"href":"https:\/\/progettotouring.it\/radiotouring104\/wp-json\/wp\/v2\/tags?post=99710"}],"curies":[{"name":"wp","href":"https:\/\/api.w.org\/{rel}","templated":true}]}}