{"id":99732,"date":"2026-09-04T09:56:13","date_gmt":"2026-09-04T07:56:13","guid":{"rendered":"https:\/\/progettotouring.it\/radiotouring104\/?p=99732"},"modified":"2026-09-04T09:56:13","modified_gmt":"2026-09-04T07:56:13","slug":"reggio-cresce-laboratorio-di-futuro-di-architettura-e-design-della-mediterranea","status":"publish","type":"post","link":"https:\/\/progettotouring.it\/radiotouring104\/2026\/09\/04\/reggio-cresce-laboratorio-di-futuro-di-architettura-e-design-della-mediterranea\/","title":{"rendered":"Reggio: cresce \u201cLaboratorio di Futuro\u201d di &#8220;Architettura e Design&#8221; della &#8220;Mediterranea&#8221;"},"content":{"rendered":"<div class=\"elementToProof\">Studiare e fare ricerca al dipartimento di Architettura e Design (dAeD) dell\u2019Universit\u00e0 degli Studi\u00a0<i>Mediterranea\u00a0<\/i>di Reggio Calabria, vuol dire\u00a0diventare protagonisti di una storia di eccellenza di oltre cinquanta anni e proiettarsi nella sfida globale della complessit\u00e0 riferita alla \u201ccultura del progetto\u201d, dalle sue pi\u00f9 innovative proposizioni tra apprendimento, esperienze applicate, avanzamenti culturali e scientifici, didattica innovativa. Un vero e proprio\u00a0<b>\u201cLaboratorio di Futuro<\/b>\u201d nel cuore del Mediterraneo, in cui le tre missioni universitarie &#8211; ricerca, didattica e terza missione &#8211; operano attraverso un\u2019unica piattaforma condivisa tra docenti e ricercatori, assegnisti, dottorandi, studenti, personale tecnico amministrativo e bibliotecario e associazioni studentesche.<\/div>\n<div class=\"elementToProof\"><\/div>\n<div class=\"elementToProof\">Negli ultimi cinque anni il dAeD ha visto crescere progressivamente il dato delle immatricolazioni sui suoi tre corsi di studio; l\u2019anno accademico 2025-26 ha registrato in totale circa 1000 iscritti ai tre corsi di studio, comprese le classi internazionali con circa 100 studenti\u00a0<i>incoming<\/i>\u00a0a cui occorre aggiungere coloro che frequentano il dAeD per periodi pi\u00f9 brevi e gli studenti dei Master e del Dottorato di Ricerca. Per un piccolo Ateneo come la Mediterranea, un numero di studentesse e studenti rilevante, che contribuisce in modo significativo alla costruzione del \u201cLaboratorio di Futuro\u201d.<\/div>\n<div class=\"elementToProof\"><\/div>\n<div class=\"elementToProof\"><b>Sul fronte delle immatricolazioni per l\u2019anno accademico 2026-27 -che aprir\u00e0 le sue lezioni gi\u00e0 il 21 settembre, con il secondo test del 9 settembre-, il corso di Laurea in Architettura Magistrale UE registra un aumento di iscritti e l\u2019esaurimento dei posti a numero programmato, mentre \u00e8 ancora possibile iscriversi al corso di Design Triennale e Magistrale fino al 30 settembre. Ancora, un importante contingente straniero chiede di seguire i corsi attivi e i semestri di didattica gi\u00e0 in avvio.<\/b><\/div>\n<div class=\"elementToProof\"><\/div>\n<div class=\"elementToProof\">Il dAeD, attraverso la sua didattica volta a formare Architetti e Designers e i suoi corsi di formazione di terzo livello &#8211; Masterclass, Master di I e II livello e Dottorato di Ricerca &#8211; risponde alle mutevoli esigenze del mercato del lavoro: una richiesta di conoscenze e competenze dal profilo al contempo politecnico e umanistico, per rispondere alle nuove sfide della societ\u00e0 contemporanea\u00a0 nel quadro di una giusta transizione ecologica e digitale, attraverso il trasferimento delle competenze provenienti dai saperi scientifici e di ricerca applicata. Questo approccio interdisciplinare mira a valutare e valorizzare \u201cil ruolo culturale e civile del progetto\u201d. L\u2019obiettivo \u00e8 riconoscere, analizzare, tutelare, recuperare, trasformare e rigenerare il territorio, la citt\u00e0, il patrimonio costruito e gli spazi pubblici, promuovendo al contempo la salvaguardia, la sicurezza e la progettazione adattiva del patrimonio naturale e artificiale. Questo percorso si confronta con le sfide ambientali, ecologiche, climatiche e sociali del nuovo millennio, ricercando risposte attraverso metodi interdisciplinari e multisettoriali, sperimentazioni e tecnologie digitali, capaci di attivare processi orientati al miglioramento della qualit\u00e0 della vita dei territori e delle comunit\u00e0. Il dAeD esprime un carattere di forte indirizzo alla sperimentazione progettuale attraverso attivit\u00e0 integrative e culturali, con un\u2019agenda intensiva di eventi nazionali e internazionali e attraverso un grande spazio offerto per le competenze sulla digitalizzazione, con la possibilit\u00e0 di apprendere strumenti e processi avanzati. In particolare, i Laboratori Multimediale e Modelli dAeD sono aperti a studenti e docenti, offrendo un servizio continuo e qualificato a supporto di attivit\u00e0 didattica e di ricerca.<\/div>\n<div class=\"elementToProof\"><\/div>\n<div class=\"elementToProof\">Inoltre tra didattica e ricerca il dipartimento opera attraverso circa 20 laboratori universitari tra strumentali e centri studio, finalizzati alla crescita di nuove generazioni di ricercatori e ricercatrici ma anche di laureandi, con percorsi di eccellenza negli studi e per le ricerche applicate, aperti a stakeholders e a studenti e ricercatori in visita.<\/div>\n<ul data-editing-info=\"{&quot;applyListStyleFromLevel&quot;:false,&quot;unorderedStyleType&quot;:2}\">\n<li>\n<div class=\"elementToProof\" role=\"presentation\">Corso di Laurea in Architettura Magistrale UE a ciclo unico _ LM-4 ad accesso programmato<\/div>\n<\/li>\n<\/ul>\n<div class=\"elementToProof\"><\/div>\n<ul data-editing-info=\"{&quot;applyListStyleFromLevel&quot;:false,&quot;unorderedStyleType&quot;:2}\">\n<li>\n<div class=\"elementToProof\" role=\"presentation\">Corso di Laurea in Design Triennale_L-4 ad accesso libero<\/div>\n<\/li>\n<\/ul>\n<div class=\"elementToProof\"><\/div>\n<ul data-editing-info=\"{&quot;applyListStyleFromLevel&quot;:false,&quot;unorderedStyleType&quot;:2}\">\n<li>\n<div class=\"elementToProof\" role=\"presentation\">Corso di Laurea Magistrale in Design per le Culture Mediterranee. Prodotto| Spazio|Comunicazione_ LM-12 ad accesso libero<\/div>\n<\/li>\n<\/ul>\n<div class=\"elementToProof\"><\/div>\n<div class=\"elementToProof\">\u00a0<b>La classifica Censis 2026\u00a0<\/b>sugli Atenei Italiani, ha qualificato il corso di laurea in Design Triennale in seconda posizione e il corso di laurea in Architettura Magistrale, in seconda posizione tra i dipartimenti di Architettura e in quarta sui dipartimenti di Architettura e Ingegneria.<\/div>\n<div><\/div>\n<div class=\"elementToProof\">Nell\u2019esperienza dell\u2019Internazionalizzazione il dAeD \u00e8 costantemente impegnato a potenziare e ampliare le proprie attivit\u00e0. Ad oggi, sono attivi 44 accordi bilaterali per l\u2019attuazione di progetti Erasmus+, Blended Intensive Programmes, mobilit\u00e0 e traineeship brevi. Tra le esperienze di eccellenza, la presenza dal 2018\u00a0 del Double Degree Program per il quarto e il quinto anno del Corso di Laurea Magistrale a c.u. in Architettura (LM-4) con l\u2019Ain-Shams University del Cairo (Egitto), che prevede la mobilit\u00e0 di studenti sia in ingresso che in uscita con rilascio del doppio titolo di studio; inoltre, dal 2019, \u00e8 attivo un agreement con la Euromed School of Architecture, Design and Urban Planning (EMADU) dell\u2019Euro-Mediterranean University of Fez (Marocco), che prevede uno scambio periodico di studenti. La didattica integrativa prevede winter e summer school, masterclass, workshop, che coinvolgono studenti della Mediterranea e provenienti da altre sedi in attivit\u00e0 durante tutto l\u2019anno accademico. Il ruolo dei laboratori dipartimentali \u00e8 fondamentale per svolgere ricerca ma anche trasferimento delle attivit\u00e0 sperimentali alla didattica. Dottorandi, laureandi e stagisti sono spesso impegnati insieme su attivit\u00e0 di interesse del territorio, ma anche su progetti a livello nazionale e internazionale.<\/div>\n<div class=\"elementToProof\"><\/div>\n<div class=\"elementToProof\">\u201c<i>Il dAeD \u00e8 un Laboratorio di Futuro che propone ogni giorno nelle sue tre missioni la scelta e la bellezza della missione \u201copen knowledge\u201d (conoscenza aperta) di profilo europeo, i nostri studenti sono impegnati a costruire conoscenza e competenze per le professioni del presente e del futuro, ma conducono anche esperienze come \u201cgiovanissimi ricercatori\u201d e questo per un piccolo Ateneo \u00e8 un\u2019opportunit\u00e0 straordinaria<\/i>\u201d \u2013 dichiara la Direttrice dAeD, Prof.ssa Consuelo Nava\u201d.<\/div>\n<div class=\"elementToProof\"><\/div>\n<div class=\"elementToProof\">Negli ultimi tre anni la ricerca dAeD ha quadruplicato gli investimenti su bandi competitivi attivi, UE, Horizon, PNRR e bandi Nazionali PRIN, FIS, accordi Ministeriali, Bandi Regionali, attraverso i quali i laboratori aperti del dAeD divengono un unico centro di competenza a servizio della ricerca competitiva e di trasferimento sul territorio. La sfida globale dell\u2019Agenda 2030 e le traiettorie della Smart Specialization Strategy, connettono i temi globali della sostenibilit\u00e0 a quelli pi\u00f9 locali, in ambito territoriale regionale e dell\u2019area Euromediterranea con percorsi di eccellenza. Con i progetti attivi in convenzione e in conto terzi per collaborazioni e servizi a PMI, enti, associazioni, si realizza la Terza Missione dAeD che apre ad un ruolo pi\u00f9 diretto della comunit\u00e0 scientifica sul versante del trasferimento tecnologico e dei principi di \u201cCitizen Science\u201d di livello europeo, coinvolgendo le comunit\u00e0 attive ingaggiandole in percorsi di innovazione e di eccellenza.<\/div>\n","protected":false},"excerpt":{"rendered":"<p>Studiare e fare ricerca al dipartimento di Architettura e Design (dAeD) dell\u2019Universit\u00e0 degli Studi\u00a0Mediterranea\u00a0di Reggio Calabria, vuol dire\u00a0diventare protagonisti di una storia di eccellenza di oltre cinquanta anni e proiettarsi&hellip;<\/p>\n","protected":false},"author":12,"featured_media":99733,"comment_status":"closed","ping_status":"open","sticky":false,"template":"","format":"standard","meta":{"_jetpack_newsletter_access":"","_jetpack_dont_email_post_to_subs":false,"_jetpack_newsletter_tier_id":0,"_jetpack_memberships_contains_paywalled_content":false,"_jetpack_feature_clip_id":0,"_jetpack_memberships_contains_paid_content":false,"footnotes":"","jetpack_publicize_message":"","jetpack_publicize_feature_enabled":true,"jetpack_social_post_already_shared":true,"jetpack_social_options":{"image_generator_settings":{"template":"highway","default_image_id":0,"font":"","enabled":false},"version":2},"jetpack_post_was_ever_published":false},"categories":[921,150,196,140],"tags":[56284,56283,56282,56285,56286,369],"class_list":["post-99732","post","type-post","status-publish","format-standard","has-post-thumbnail","hentry","category-home","category-in-primo-piano","category-news","category-reggio-calabria","tag-accordi-internazionali","tag-cresce-laboratorio-di-futuro","tag-daed-architettura","tag-percorsi-avanzati","tag-progetti-competitivi","tag-universita-mediterranea"],"yoast_head":"<!-- This site is optimized with the Yoast SEO plugin v28.3 - https:\/\/yoast.com\/product\/yoast-seo-wordpress\/ -->\n<title>&quot;Mediterranea&quot;: cresce &quot;Laboratorio Futuro&quot; del dAeD<\/title>\n<meta name=\"description\" content=\"Aumentano iscritti e investimenti al dAeD, mentre il dipartimento si rafforza grazie ai progetti, percorsi avanzati e accordi internazionali\" \/>\n<meta name=\"robots\" content=\"index, follow, max-snippet:-1, max-image-preview:large, max-video-preview:-1\" \/>\n<link rel=\"canonical\" href=\"https:\/\/progettotouring.it\/radiotouring104\/2026\/09\/04\/reggio-cresce-laboratorio-di-futuro-di-architettura-e-design-della-mediterranea\/\" \/>\n<meta property=\"og:locale\" content=\"it_IT\" \/>\n<meta property=\"og:type\" content=\"article\" \/>\n<meta property=\"og:title\" content=\"&quot;Mediterranea&quot;: cresce &quot;Laboratorio Futuro&quot; del dAeD\" \/>\n<meta property=\"og:description\" content=\"Aumentano iscritti e investimenti al dAeD, mentre il dipartimento si rafforza grazie ai progetti, percorsi avanzati e accordi internazionali\" \/>\n<meta property=\"og:url\" content=\"https:\/\/progettotouring.it\/radiotouring104\/2026\/09\/04\/reggio-cresce-laboratorio-di-futuro-di-architettura-e-design-della-mediterranea\/\" \/>\n<meta property=\"og:site_name\" content=\"Radio Touring 104\" \/>\n<meta property=\"article:published_time\" content=\"2026-09-04T07:56:13+00:00\" \/>\n<meta property=\"og:image\" content=\"https:\/\/progettotouring.it\/radiotouring104\/wp-content\/uploads\/sites\/6\/2026\/09\/Laboratorio-Futuro-dipartimento-Architettura-Mediterranea.jpg\" \/>\n\t<meta property=\"og:image:width\" content=\"1600\" \/>\n\t<meta property=\"og:image:height\" content=\"900\" \/>\n\t<meta property=\"og:image:type\" content=\"image\/jpeg\" \/>\n<meta name=\"author\" content=\"Sebastiano Plutino\" \/>\n<meta name=\"twitter:card\" content=\"summary_large_image\" \/>\n<meta name=\"twitter:label1\" content=\"Scritto da\" \/>\n\t<meta name=\"twitter:data1\" content=\"Sebastiano Plutino\" \/>\n\t<meta name=\"twitter:label2\" content=\"Tempo di lettura stimato\" \/>\n\t<meta name=\"twitter:data2\" content=\"5 minuti\" \/>\n<script type=\"application\/ld+json\" class=\"yoast-schema-graph\">{\"@context\":\"https:\\\/\\\/schema.org\",\"@graph\":[{\"@type\":\"Article\",\"@id\":\"https:\\\/\\\/progettotouring.it\\\/radiotouring104\\\/2026\\\/09\\\/04\\\/reggio-cresce-laboratorio-di-futuro-di-architettura-e-design-della-mediterranea\\\/#article\",\"isPartOf\":{\"@id\":\"https:\\\/\\\/progettotouring.it\\\/radiotouring104\\\/2026\\\/09\\\/04\\\/reggio-cresce-laboratorio-di-futuro-di-architettura-e-design-della-mediterranea\\\/\"},\"author\":{\"name\":\"Sebastiano Plutino\",\"@id\":\"https:\\\/\\\/progettotouring.it\\\/radiotouring104\\\/#\\\/schema\\\/person\\\/78613917f1851f041f7483f5af1d422e\"},\"headline\":\"Reggio: cresce \u201cLaboratorio di Futuro\u201d di &#8220;Architettura e Design&#8221; della &#8220;Mediterranea&#8221;\",\"datePublished\":\"2026-09-04T07:56:13+00:00\",\"mainEntityOfPage\":{\"@id\":\"https:\\\/\\\/progettotouring.it\\\/radiotouring104\\\/2026\\\/09\\\/04\\\/reggio-cresce-laboratorio-di-futuro-di-architettura-e-design-della-mediterranea\\\/\"},\"wordCount\":1071,\"publisher\":{\"@id\":\"https:\\\/\\\/progettotouring.it\\\/radiotouring104\\\/#organization\"},\"image\":{\"@id\":\"https:\\\/\\\/progettotouring.it\\\/radiotouring104\\\/2026\\\/09\\\/04\\\/reggio-cresce-laboratorio-di-futuro-di-architettura-e-design-della-mediterranea\\\/#primaryimage\"},\"thumbnailUrl\":\"https:\\\/\\\/progettotouring.it\\\/radiotouring104\\\/wp-content\\\/uploads\\\/sites\\\/6\\\/2026\\\/09\\\/Laboratorio-Futuro-dipartimento-Architettura-Mediterranea.jpg\",\"keywords\":[\"accordi internazionali\",\"cresce \u201cLaboratorio di Futuro\u201d\",\"dAeD Architettura\",\"percorsi avanzati\",\"progetti competitivi\",\"universit\u00e0 mediterranea\"],\"articleSection\":[\"Home\",\"In primo piano\",\"News\",\"Reggio Calabria\"],\"inLanguage\":\"it-IT\"},{\"@type\":\"WebPage\",\"@id\":\"https:\\\/\\\/progettotouring.it\\\/radiotouring104\\\/2026\\\/09\\\/04\\\/reggio-cresce-laboratorio-di-futuro-di-architettura-e-design-della-mediterranea\\\/\",\"url\":\"https:\\\/\\\/progettotouring.it\\\/radiotouring104\\\/2026\\\/09\\\/04\\\/reggio-cresce-laboratorio-di-futuro-di-architettura-e-design-della-mediterranea\\\/\",\"name\":\"\\\"Mediterranea\\\": cresce \\\"Laboratorio Futuro\\\" del dAeD\",\"isPartOf\":{\"@id\":\"https:\\\/\\\/progettotouring.it\\\/radiotouring104\\\/#website\"},\"primaryImageOfPage\":{\"@id\":\"https:\\\/\\\/progettotouring.it\\\/radiotouring104\\\/2026\\\/09\\\/04\\\/reggio-cresce-laboratorio-di-futuro-di-architettura-e-design-della-mediterranea\\\/#primaryimage\"},\"image\":{\"@id\":\"https:\\\/\\\/progettotouring.it\\\/radiotouring104\\\/2026\\\/09\\\/04\\\/reggio-cresce-laboratorio-di-futuro-di-architettura-e-design-della-mediterranea\\\/#primaryimage\"},\"thumbnailUrl\":\"https:\\\/\\\/progettotouring.it\\\/radiotouring104\\\/wp-content\\\/uploads\\\/sites\\\/6\\\/2026\\\/09\\\/Laboratorio-Futuro-dipartimento-Architettura-Mediterranea.jpg\",\"datePublished\":\"2026-09-04T07:56:13+00:00\",\"description\":\"Aumentano iscritti e investimenti al dAeD, mentre il dipartimento si rafforza grazie ai progetti, percorsi avanzati e accordi internazionali\",\"breadcrumb\":{\"@id\":\"https:\\\/\\\/progettotouring.it\\\/radiotouring104\\\/2026\\\/09\\\/04\\\/reggio-cresce-laboratorio-di-futuro-di-architettura-e-design-della-mediterranea\\\/#breadcrumb\"},\"inLanguage\":\"it-IT\",\"potentialAction\":[{\"@type\":\"ReadAction\",\"target\":[\"https:\\\/\\\/progettotouring.it\\\/radiotouring104\\\/2026\\\/09\\\/04\\\/reggio-cresce-laboratorio-di-futuro-di-architettura-e-design-della-mediterranea\\\/\"]}]},{\"@type\":\"ImageObject\",\"inLanguage\":\"it-IT\",\"@id\":\"https:\\\/\\\/progettotouring.it\\\/radiotouring104\\\/2026\\\/09\\\/04\\\/reggio-cresce-laboratorio-di-futuro-di-architettura-e-design-della-mediterranea\\\/#primaryimage\",\"url\":\"https:\\\/\\\/progettotouring.it\\\/radiotouring104\\\/wp-content\\\/uploads\\\/sites\\\/6\\\/2026\\\/09\\\/Laboratorio-Futuro-dipartimento-Architettura-Mediterranea.jpg\",\"contentUrl\":\"https:\\\/\\\/progettotouring.it\\\/radiotouring104\\\/wp-content\\\/uploads\\\/sites\\\/6\\\/2026\\\/09\\\/Laboratorio-Futuro-dipartimento-Architettura-Mediterranea.jpg\",\"width\":1600,\"height\":900},{\"@type\":\"BreadcrumbList\",\"@id\":\"https:\\\/\\\/progettotouring.it\\\/radiotouring104\\\/2026\\\/09\\\/04\\\/reggio-cresce-laboratorio-di-futuro-di-architettura-e-design-della-mediterranea\\\/#breadcrumb\",\"itemListElement\":[{\"@type\":\"ListItem\",\"position\":1,\"name\":\"Home\",\"item\":\"https:\\\/\\\/progettotouring.it\\\/radiotouring104\\\/\"},{\"@type\":\"ListItem\",\"position\":2,\"name\":\"Reggio: cresce \u201cLaboratorio di Futuro\u201d di &#8220;Architettura e Design&#8221; della &#8220;Mediterranea&#8221;\"}]},{\"@type\":\"WebSite\",\"@id\":\"https:\\\/\\\/progettotouring.it\\\/radiotouring104\\\/#website\",\"url\":\"https:\\\/\\\/progettotouring.it\\\/radiotouring104\\\/\",\"name\":\"Radio Touring 104\",\"description\":\"La prima radio Reggina\",\"publisher\":{\"@id\":\"https:\\\/\\\/progettotouring.it\\\/radiotouring104\\\/#organization\"},\"potentialAction\":[{\"@type\":\"SearchAction\",\"target\":{\"@type\":\"EntryPoint\",\"urlTemplate\":\"https:\\\/\\\/progettotouring.it\\\/radiotouring104\\\/?s={search_term_string}\"},\"query-input\":{\"@type\":\"PropertyValueSpecification\",\"valueRequired\":true,\"valueName\":\"search_term_string\"}}],\"inLanguage\":\"it-IT\"},{\"@type\":\"Organization\",\"@id\":\"https:\\\/\\\/progettotouring.it\\\/radiotouring104\\\/#organization\",\"name\":\"Radio Touring 104\",\"url\":\"https:\\\/\\\/progettotouring.it\\\/radiotouring104\\\/\",\"logo\":{\"@type\":\"ImageObject\",\"inLanguage\":\"it-IT\",\"@id\":\"https:\\\/\\\/progettotouring.it\\\/radiotouring104\\\/#\\\/schema\\\/logo\\\/image\\\/\",\"url\":\"https:\\\/\\\/progettotouring.it\\\/radiotouring104\\\/wp-content\\\/uploads\\\/sites\\\/6\\\/2022\\\/02\\\/cropped-logo-radio-touring-104.png\",\"contentUrl\":\"https:\\\/\\\/progettotouring.it\\\/radiotouring104\\\/wp-content\\\/uploads\\\/sites\\\/6\\\/2022\\\/02\\\/cropped-logo-radio-touring-104.png\",\"width\":377,\"height\":182,\"caption\":\"Radio Touring 104\"},\"image\":{\"@id\":\"https:\\\/\\\/progettotouring.it\\\/radiotouring104\\\/#\\\/schema\\\/logo\\\/image\\\/\"}},{\"@type\":\"Person\",\"@id\":\"https:\\\/\\\/progettotouring.it\\\/radiotouring104\\\/#\\\/schema\\\/person\\\/78613917f1851f041f7483f5af1d422e\",\"name\":\"Sebastiano Plutino\",\"image\":{\"@type\":\"ImageObject\",\"inLanguage\":\"it-IT\",\"@id\":\"https:\\\/\\\/secure.gravatar.com\\\/avatar\\\/0546ffaa9b79224faf9f2a156b67a529ae861d3287c66c1d8ccfdf909bcba78d?s=96&d=mm&r=g\",\"url\":\"https:\\\/\\\/secure.gravatar.com\\\/avatar\\\/0546ffaa9b79224faf9f2a156b67a529ae861d3287c66c1d8ccfdf909bcba78d?s=96&d=mm&r=g\",\"contentUrl\":\"https:\\\/\\\/secure.gravatar.com\\\/avatar\\\/0546ffaa9b79224faf9f2a156b67a529ae861d3287c66c1d8ccfdf909bcba78d?s=96&d=mm&r=g\",\"caption\":\"Sebastiano Plutino\"},\"url\":\"https:\\\/\\\/progettotouring.it\\\/radiotouring104\\\/author\\\/sebastiano\\\/\"}]}<\/script>\n<!-- \/ Yoast SEO plugin. -->","yoast_head_json":{"title":"\"Mediterranea\": cresce \"Laboratorio Futuro\" del dAeD","description":"Aumentano iscritti e investimenti al dAeD, mentre il dipartimento si rafforza grazie ai progetti, percorsi avanzati e accordi internazionali","robots":{"index":"index","follow":"follow","max-snippet":"max-snippet:-1","max-image-preview":"max-image-preview:large","max-video-preview":"max-video-preview:-1"},"canonical":"https:\/\/progettotouring.it\/radiotouring104\/2026\/09\/04\/reggio-cresce-laboratorio-di-futuro-di-architettura-e-design-della-mediterranea\/","og_locale":"it_IT","og_type":"article","og_title":"\"Mediterranea\": cresce \"Laboratorio Futuro\" del dAeD","og_description":"Aumentano iscritti e investimenti al dAeD, mentre il dipartimento si rafforza grazie ai progetti, percorsi avanzati e accordi internazionali","og_url":"https:\/\/progettotouring.it\/radiotouring104\/2026\/09\/04\/reggio-cresce-laboratorio-di-futuro-di-architettura-e-design-della-mediterranea\/","og_site_name":"Radio Touring 104","article_published_time":"2026-09-04T07:56:13+00:00","og_image":[{"width":1600,"height":900,"url":"https:\/\/progettotouring.it\/radiotouring104\/wp-content\/uploads\/sites\/6\/2026\/09\/Laboratorio-Futuro-dipartimento-Architettura-Mediterranea.jpg","type":"image\/jpeg"}],"author":"Sebastiano Plutino","twitter_card":"summary_large_image","twitter_misc":{"Scritto da":"Sebastiano Plutino","Tempo di lettura stimato":"5 minuti"},"schema":{"@context":"https:\/\/schema.org","@graph":[{"@type":"Article","@id":"https:\/\/progettotouring.it\/radiotouring104\/2026\/09\/04\/reggio-cresce-laboratorio-di-futuro-di-architettura-e-design-della-mediterranea\/#article","isPartOf":{"@id":"https:\/\/progettotouring.it\/radiotouring104\/2026\/09\/04\/reggio-cresce-laboratorio-di-futuro-di-architettura-e-design-della-mediterranea\/"},"author":{"name":"Sebastiano Plutino","@id":"https:\/\/progettotouring.it\/radiotouring104\/#\/schema\/person\/78613917f1851f041f7483f5af1d422e"},"headline":"Reggio: cresce \u201cLaboratorio di Futuro\u201d di &#8220;Architettura e Design&#8221; della &#8220;Mediterranea&#8221;","datePublished":"2026-09-04T07:56:13+00:00","mainEntityOfPage":{"@id":"https:\/\/progettotouring.it\/radiotouring104\/2026\/09\/04\/reggio-cresce-laboratorio-di-futuro-di-architettura-e-design-della-mediterranea\/"},"wordCount":1071,"publisher":{"@id":"https:\/\/progettotouring.it\/radiotouring104\/#organization"},"image":{"@id":"https:\/\/progettotouring.it\/radiotouring104\/2026\/09\/04\/reggio-cresce-laboratorio-di-futuro-di-architettura-e-design-della-mediterranea\/#primaryimage"},"thumbnailUrl":"https:\/\/progettotouring.it\/radiotouring104\/wp-content\/uploads\/sites\/6\/2026\/09\/Laboratorio-Futuro-dipartimento-Architettura-Mediterranea.jpg","keywords":["accordi internazionali","cresce \u201cLaboratorio di Futuro\u201d","dAeD Architettura","percorsi avanzati","progetti competitivi","universit\u00e0 mediterranea"],"articleSection":["Home","In primo piano","News","Reggio Calabria"],"inLanguage":"it-IT"},{"@type":"WebPage","@id":"https:\/\/progettotouring.it\/radiotouring104\/2026\/09\/04\/reggio-cresce-laboratorio-di-futuro-di-architettura-e-design-della-mediterranea\/","url":"https:\/\/progettotouring.it\/radiotouring104\/2026\/09\/04\/reggio-cresce-laboratorio-di-futuro-di-architettura-e-design-della-mediterranea\/","name":"\"Mediterranea\": cresce \"Laboratorio Futuro\" del dAeD","isPartOf":{"@id":"https:\/\/progettotouring.it\/radiotouring104\/#website"},"primaryImageOfPage":{"@id":"https:\/\/progettotouring.it\/radiotouring104\/2026\/09\/04\/reggio-cresce-laboratorio-di-futuro-di-architettura-e-design-della-mediterranea\/#primaryimage"},"image":{"@id":"https:\/\/progettotouring.it\/radiotouring104\/2026\/09\/04\/reggio-cresce-laboratorio-di-futuro-di-architettura-e-design-della-mediterranea\/#primaryimage"},"thumbnailUrl":"https:\/\/progettotouring.it\/radiotouring104\/wp-content\/uploads\/sites\/6\/2026\/09\/Laboratorio-Futuro-dipartimento-Architettura-Mediterranea.jpg","datePublished":"2026-09-04T07:56:13+00:00","description":"Aumentano iscritti e investimenti al dAeD, mentre il dipartimento si rafforza grazie ai progetti, percorsi avanzati e accordi internazionali","breadcrumb":{"@id":"https:\/\/progettotouring.it\/radiotouring104\/2026\/09\/04\/reggio-cresce-laboratorio-di-futuro-di-architettura-e-design-della-mediterranea\/#breadcrumb"},"inLanguage":"it-IT","potentialAction":[{"@type":"ReadAction","target":["https:\/\/progettotouring.it\/radiotouring104\/2026\/09\/04\/reggio-cresce-laboratorio-di-futuro-di-architettura-e-design-della-mediterranea\/"]}]},{"@type":"ImageObject","inLanguage":"it-IT","@id":"https:\/\/progettotouring.it\/radiotouring104\/2026\/09\/04\/reggio-cresce-laboratorio-di-futuro-di-architettura-e-design-della-mediterranea\/#primaryimage","url":"https:\/\/progettotouring.it\/radiotouring104\/wp-content\/uploads\/sites\/6\/2026\/09\/Laboratorio-Futuro-dipartimento-Architettura-Mediterranea.jpg","contentUrl":"https:\/\/progettotouring.it\/radiotouring104\/wp-content\/uploads\/sites\/6\/2026\/09\/Laboratorio-Futuro-dipartimento-Architettura-Mediterranea.jpg","width":1600,"height":900},{"@type":"BreadcrumbList","@id":"https:\/\/progettotouring.it\/radiotouring104\/2026\/09\/04\/reggio-cresce-laboratorio-di-futuro-di-architettura-e-design-della-mediterranea\/#breadcrumb","itemListElement":[{"@type":"ListItem","position":1,"name":"Home","item":"https:\/\/progettotouring.it\/radiotouring104\/"},{"@type":"ListItem","position":2,"name":"Reggio: cresce \u201cLaboratorio di Futuro\u201d di &#8220;Architettura e Design&#8221; della &#8220;Mediterranea&#8221;"}]},{"@type":"WebSite","@id":"https:\/\/progettotouring.it\/radiotouring104\/#website","url":"https:\/\/progettotouring.it\/radiotouring104\/","name":"Radio Touring 104","description":"La prima radio Reggina","publisher":{"@id":"https:\/\/progettotouring.it\/radiotouring104\/#organization"},"potentialAction":[{"@type":"SearchAction","target":{"@type":"EntryPoint","urlTemplate":"https:\/\/progettotouring.it\/radiotouring104\/?s={search_term_string}"},"query-input":{"@type":"PropertyValueSpecification","valueRequired":true,"valueName":"search_term_string"}}],"inLanguage":"it-IT"},{"@type":"Organization","@id":"https:\/\/progettotouring.it\/radiotouring104\/#organization","name":"Radio Touring 104","url":"https:\/\/progettotouring.it\/radiotouring104\/","logo":{"@type":"ImageObject","inLanguage":"it-IT","@id":"https:\/\/progettotouring.it\/radiotouring104\/#\/schema\/logo\/image\/","url":"https:\/\/progettotouring.it\/radiotouring104\/wp-content\/uploads\/sites\/6\/2022\/02\/cropped-logo-radio-touring-104.png","contentUrl":"https:\/\/progettotouring.it\/radiotouring104\/wp-content\/uploads\/sites\/6\/2022\/02\/cropped-logo-radio-touring-104.png","width":377,"height":182,"caption":"Radio Touring 104"},"image":{"@id":"https:\/\/progettotouring.it\/radiotouring104\/#\/schema\/logo\/image\/"}},{"@type":"Person","@id":"https:\/\/progettotouring.it\/radiotouring104\/#\/schema\/person\/78613917f1851f041f7483f5af1d422e","name":"Sebastiano Plutino","image":{"@type":"ImageObject","inLanguage":"it-IT","@id":"https:\/\/secure.gravatar.com\/avatar\/0546ffaa9b79224faf9f2a156b67a529ae861d3287c66c1d8ccfdf909bcba78d?s=96&d=mm&r=g","url":"https:\/\/secure.gravatar.com\/avatar\/0546ffaa9b79224faf9f2a156b67a529ae861d3287c66c1d8ccfdf909bcba78d?s=96&d=mm&r=g","contentUrl":"https:\/\/secure.gravatar.com\/avatar\/0546ffaa9b79224faf9f2a156b67a529ae861d3287c66c1d8ccfdf909bcba78d?s=96&d=mm&r=g","caption":"Sebastiano Plutino"},"url":"https:\/\/progettotouring.it\/radiotouring104\/author\/sebastiano\/"}]}},"jetpack_publicize_connections":[],"jetpack_sharing_enabled":true,"jetpack_featured_media_url":"https:\/\/progettotouring.it\/radiotouring104\/wp-content\/uploads\/sites\/6\/2026\/09\/Laboratorio-Futuro-dipartimento-Architettura-Mediterranea.jpg","_links":{"self":[{"href":"https:\/\/progettotouring.it\/radiotouring104\/wp-json\/wp\/v2\/posts\/99732","targetHints":{"allow":["GET"]}}],"collection":[{"href":"https:\/\/progettotouring.it\/radiotouring104\/wp-json\/wp\/v2\/posts"}],"about":[{"href":"https:\/\/progettotouring.it\/radiotouring104\/wp-json\/wp\/v2\/types\/post"}],"author":[{"embeddable":true,"href":"https:\/\/progettotouring.it\/radiotouring104\/wp-json\/wp\/v2\/users\/12"}],"replies":[{"embeddable":true,"href":"https:\/\/progettotouring.it\/radiotouring104\/wp-json\/wp\/v2\/comments?post=99732"}],"version-history":[{"count":1,"href":"https:\/\/progettotouring.it\/radiotouring104\/wp-json\/wp\/v2\/posts\/99732\/revisions"}],"predecessor-version":[{"id":99734,"href":"https:\/\/progettotouring.it\/radiotouring104\/wp-json\/wp\/v2\/posts\/99732\/revisions\/99734"}],"wp:featuredmedia":[{"embeddable":true,"href":"https:\/\/progettotouring.it\/radiotouring104\/wp-json\/wp\/v2\/media\/99733"}],"wp:attachment":[{"href":"https:\/\/progettotouring.it\/radiotouring104\/wp-json\/wp\/v2\/media?parent=99732"}],"wp:term":[{"taxonomy":"category","embeddable":true,"href":"https:\/\/progettotouring.it\/radiotouring104\/wp-json\/wp\/v2\/categories?post=99732"},{"taxonomy":"post_tag","embeddable":true,"href":"https:\/\/progettotouring.it\/radiotouring104\/wp-json\/wp\/v2\/tags?post=99732"}],"curies":[{"name":"wp","href":"https:\/\/api.w.org\/{rel}","templated":true}]}}