{"id":99735,"date":"2026-09-04T10:15:55","date_gmt":"2026-09-04T08:15:55","guid":{"rendered":"https:\/\/progettotouring.it\/radiotouring104\/?p=99735"},"modified":"2026-09-04T10:16:11","modified_gmt":"2026-09-04T08:16:11","slug":"il-dibattito-internazionale-sulla-disabilita-arriva-a-reggio-con-larrivo-in-citta-di-heba-hagrass-relatrice-speciale-dellonu","status":"publish","type":"post","link":"https:\/\/progettotouring.it\/radiotouring104\/2026\/09\/04\/il-dibattito-internazionale-sulla-disabilita-arriva-a-reggio-con-larrivo-in-citta-di-heba-hagrass-relatrice-speciale-dellonu\/","title":{"rendered":"Il dibattito internazionale sulla Disabilit\u00e0 arriva a Reggio con l&#8217;arrivo in Citt\u00e0 di Heba Hagrass, Relatrice Speciale dell\u2019ONU"},"content":{"rendered":"<p>Reggio Calabria diventa capitale internazionale dei diritti delle persone con disabilit\u00e0. Dal 24 al 27 settembre, infatti, la citt\u00e0 ospiter\u00e0 Heba Hagrass, Relatrice Speciale delle Nazioni Unite sui diritti delle persone con disabilit\u00e0, tra le massime autorit\u00e0 internazionali in materia di diritti, inclusione e partecipazione delle persone con disabilit\u00e0. Heba Hagrass \u00e8 la figura che \u00e8 stata incaricata dall\u2019ONU per controllare in tutto il mondo che i diritti delle persone con disabilit\u00e0 vengano tutelati.<\/p>\n<p>Egiziana, sociologa, ricercatrice e consulente internazionale nel campo dei diritti delle persone con disabilit\u00e0, Hagrass \u00e8 Relatrice speciale dal 2023, un incarico che le \u00e8 stato conferito dal Consiglio dei diritti umani delle Nazioni Unite.<br \/>\nNell\u2019esercizio del suo mandato, la Relatrice Speciale riferisce all\u2019Assemblea Generale dell\u2019ONU, nella sede di New York, e monitora l\u2019attuazione della Convenzione delle Nazioni Unite sui diritti delle persone con disabilit\u00e0 da parte di tutti gli Stati membri.<\/p>\n<p>La Convenzione \u00e8 il principale trattato internazionale specificamente dedicato alla tutela dei diritti delle persone con disabilit\u00e0. \u00c8 stata adottata dall&#8217;Assemblea generale delle Nazioni Unite nel 2006, registra l\u2019adesione di 193 Paesi al mondo, tra i quali l&#8217;Italia, che l\u2019ha ratificata con la legge 18 del 2009.<\/p>\n<p>\u00c8 stata proprio la stessa Relatrice Hagrass a confermare la sua presenza a Reggio Calabria, con una lettera indirizzata al Sindaco Francesco Cannizzaro e all\u2019Europarlamentare calabrese Giusi Princi, che aveva gi\u00e0 conosciuto in occasione della missione dell\u2019eurodeputata a New York nei mesi scorsi, accettando l\u2019invito a recarsi nella citt\u00e0 calabrese che i due rappresentanti istituzionali le avevano rivolto.<\/p>\n<p>Accogliendo con favore la proposta di confronto dell\u2019On. Cannizzaro e dell\u2019On. Princi, Hagrass ha indicato nel periodo compreso tra il 24 e il 27 settembre la data per la sua visita in citt\u00e0, compatibilmente con gli impegni della sua fitta agenda internazionale. \u00c8 la prima volta che la Relatrice Speciale dell\u2019ONU si reca in Italia nell\u2019esercizio del proprio mandato. \u00c8 la prima volta che la Relatrice speciale si confronta con una realt\u00e0 territoriale: le sue interlocuzioni rimangono solo con gli Stati membri che a loro volta hanno l\u2019obbligo di applicare nei territori la Convenzione ONU.<\/p>\n<p>In citt\u00e0, dunque, c\u2019\u00e8 grande attesa per una visita di portata internazionale. Il Sindaco di Reggio Calabria Francesco Cannizzaro, con il supporto dell\u2019eurodeputata Giusi Princi, ha gi\u00e0 attivato gli organismi del Comune e della Citt\u00e0 Metropolitana, avviando il confronto con gli assessori competenti e con i dirigenti, al fine di definire un\u2019agenda che preveda, nei giorni della visita, incontri multilivello e momenti di confronto istituzionale e territoriale.<\/p>\n","protected":false},"excerpt":{"rendered":"<p>Reggio Calabria diventa capitale internazionale dei diritti delle persone con disabilit\u00e0. Dal 24 al 27 settembre, infatti, la citt\u00e0 ospiter\u00e0 Heba Hagrass, Relatrice Speciale delle Nazioni Unite sui diritti delle&hellip;<\/p>\n","protected":false},"author":12,"featured_media":99736,"comment_status":"closed","ping_status":"open","sticky":false,"template":"","format":"standard","meta":{"_jetpack_newsletter_access":"","_jetpack_dont_email_post_to_subs":false,"_jetpack_newsletter_tier_id":0,"_jetpack_memberships_contains_paywalled_content":false,"_jetpack_feature_clip_id":0,"_jetpack_memberships_contains_paid_content":false,"footnotes":"","jetpack_publicize_message":"","jetpack_publicize_feature_enabled":true,"jetpack_social_post_already_shared":true,"jetpack_social_options":{"image_generator_settings":{"template":"highway","default_image_id":0,"font":"","enabled":false},"version":2},"jetpack_post_was_ever_published":false},"categories":[921,150,196,140],"tags":[56287,2776,587,56289,51715,56288],"class_list":["post-99735","post","type-post","status-publish","format-standard","has-post-thumbnail","hentry","category-home","category-in-primo-piano","category-news","category-reggio-calabria","tag-dibattito-internazionale-sulla-disabilita-aarriva-a-reggio","tag-francesco-cannizzaro","tag-giusi-princi","tag-heba-hagrass","tag-invito","tag-relatrice-speciale-dellonu"],"yoast_head":"<!-- This site is optimized with the Yoast SEO plugin v28.3 - https:\/\/yoast.com\/product\/yoast-seo-wordpress\/ -->\n<title>Disabilit\u00e0: la relatrice ONU, Hagrass, arriva a Reggio<\/title>\n<meta name=\"description\" content=\"La Relatrice sar\u00e0 in Citt\u00e0 dal 24 al 27 settembre dove terr\u00e0 incontri istituzionali sui principi della Convenzione Onu\" \/>\n<meta name=\"robots\" content=\"index, follow, max-snippet:-1, max-image-preview:large, max-video-preview:-1\" \/>\n<link rel=\"canonical\" href=\"https:\/\/progettotouring.it\/radiotouring104\/2026\/09\/04\/il-dibattito-internazionale-sulla-disabilita-arriva-a-reggio-con-larrivo-in-citta-di-heba-hagrass-relatrice-speciale-dellonu\/\" \/>\n<meta property=\"og:locale\" content=\"it_IT\" \/>\n<meta property=\"og:type\" content=\"article\" \/>\n<meta property=\"og:title\" content=\"Disabilit\u00e0: la relatrice ONU, Hagrass, arriva a Reggio\" \/>\n<meta property=\"og:description\" content=\"La Relatrice sar\u00e0 in Citt\u00e0 dal 24 al 27 settembre dove terr\u00e0 incontri istituzionali sui principi della Convenzione Onu\" \/>\n<meta property=\"og:url\" content=\"https:\/\/progettotouring.it\/radiotouring104\/2026\/09\/04\/il-dibattito-internazionale-sulla-disabilita-arriva-a-reggio-con-larrivo-in-citta-di-heba-hagrass-relatrice-speciale-dellonu\/\" \/>\n<meta property=\"og:site_name\" content=\"Radio Touring 104\" \/>\n<meta property=\"article:published_time\" content=\"2026-09-04T08:15:55+00:00\" \/>\n<meta property=\"article:modified_time\" content=\"2026-09-04T08:16:11+00:00\" \/>\n<meta property=\"og:image\" content=\"https:\/\/progettotouring.it\/radiotouring104\/wp-content\/uploads\/sites\/6\/2026\/09\/Relatrice-ONU-Disabilita-Heba-Hagrass-a-Reggio.jpeg\" \/>\n\t<meta property=\"og:image:width\" content=\"457\" \/>\n\t<meta property=\"og:image:height\" content=\"621\" \/>\n\t<meta property=\"og:image:type\" content=\"image\/jpeg\" \/>\n<meta name=\"author\" content=\"Sebastiano Plutino\" \/>\n<meta name=\"twitter:card\" content=\"summary_large_image\" \/>\n<meta name=\"twitter:label1\" content=\"Scritto da\" \/>\n\t<meta name=\"twitter:data1\" content=\"Sebastiano Plutino\" \/>\n\t<meta name=\"twitter:label2\" content=\"Tempo di lettura stimato\" \/>\n\t<meta name=\"twitter:data2\" content=\"2 minuti\" \/>\n<script type=\"application\/ld+json\" class=\"yoast-schema-graph\">{\"@context\":\"https:\\\/\\\/schema.org\",\"@graph\":[{\"@type\":\"Article\",\"@id\":\"https:\\\/\\\/progettotouring.it\\\/radiotouring104\\\/2026\\\/09\\\/04\\\/il-dibattito-internazionale-sulla-disabilita-arriva-a-reggio-con-larrivo-in-citta-di-heba-hagrass-relatrice-speciale-dellonu\\\/#article\",\"isPartOf\":{\"@id\":\"https:\\\/\\\/progettotouring.it\\\/radiotouring104\\\/2026\\\/09\\\/04\\\/il-dibattito-internazionale-sulla-disabilita-arriva-a-reggio-con-larrivo-in-citta-di-heba-hagrass-relatrice-speciale-dellonu\\\/\"},\"author\":{\"name\":\"Sebastiano Plutino\",\"@id\":\"https:\\\/\\\/progettotouring.it\\\/radiotouring104\\\/#\\\/schema\\\/person\\\/78613917f1851f041f7483f5af1d422e\"},\"headline\":\"Il dibattito internazionale sulla Disabilit\u00e0 arriva a Reggio con l&#8217;arrivo in Citt\u00e0 di Heba Hagrass, Relatrice Speciale dell\u2019ONU\",\"datePublished\":\"2026-09-04T08:15:55+00:00\",\"dateModified\":\"2026-09-04T08:16:11+00:00\",\"mainEntityOfPage\":{\"@id\":\"https:\\\/\\\/progettotouring.it\\\/radiotouring104\\\/2026\\\/09\\\/04\\\/il-dibattito-internazionale-sulla-disabilita-arriva-a-reggio-con-larrivo-in-citta-di-heba-hagrass-relatrice-speciale-dellonu\\\/\"},\"wordCount\":431,\"publisher\":{\"@id\":\"https:\\\/\\\/progettotouring.it\\\/radiotouring104\\\/#organization\"},\"image\":{\"@id\":\"https:\\\/\\\/progettotouring.it\\\/radiotouring104\\\/2026\\\/09\\\/04\\\/il-dibattito-internazionale-sulla-disabilita-arriva-a-reggio-con-larrivo-in-citta-di-heba-hagrass-relatrice-speciale-dellonu\\\/#primaryimage\"},\"thumbnailUrl\":\"https:\\\/\\\/progettotouring.it\\\/radiotouring104\\\/wp-content\\\/uploads\\\/sites\\\/6\\\/2026\\\/09\\\/Relatrice-ONU-Disabilita-Heba-Hagrass-a-Reggio.jpeg\",\"keywords\":[\"dibattito internazionale sulla Disabilit\u00e0 aarriva a Reggio\",\"francesco cannizzaro\",\"giusi princi\",\"Heba Hagrass\",\"invito\",\"relatrice speciale dell'Onu\"],\"articleSection\":[\"Home\",\"In primo piano\",\"News\",\"Reggio Calabria\"],\"inLanguage\":\"it-IT\"},{\"@type\":\"WebPage\",\"@id\":\"https:\\\/\\\/progettotouring.it\\\/radiotouring104\\\/2026\\\/09\\\/04\\\/il-dibattito-internazionale-sulla-disabilita-arriva-a-reggio-con-larrivo-in-citta-di-heba-hagrass-relatrice-speciale-dellonu\\\/\",\"url\":\"https:\\\/\\\/progettotouring.it\\\/radiotouring104\\\/2026\\\/09\\\/04\\\/il-dibattito-internazionale-sulla-disabilita-arriva-a-reggio-con-larrivo-in-citta-di-heba-hagrass-relatrice-speciale-dellonu\\\/\",\"name\":\"Disabilit\u00e0: la relatrice ONU, Hagrass, arriva a Reggio\",\"isPartOf\":{\"@id\":\"https:\\\/\\\/progettotouring.it\\\/radiotouring104\\\/#website\"},\"primaryImageOfPage\":{\"@id\":\"https:\\\/\\\/progettotouring.it\\\/radiotouring104\\\/2026\\\/09\\\/04\\\/il-dibattito-internazionale-sulla-disabilita-arriva-a-reggio-con-larrivo-in-citta-di-heba-hagrass-relatrice-speciale-dellonu\\\/#primaryimage\"},\"image\":{\"@id\":\"https:\\\/\\\/progettotouring.it\\\/radiotouring104\\\/2026\\\/09\\\/04\\\/il-dibattito-internazionale-sulla-disabilita-arriva-a-reggio-con-larrivo-in-citta-di-heba-hagrass-relatrice-speciale-dellonu\\\/#primaryimage\"},\"thumbnailUrl\":\"https:\\\/\\\/progettotouring.it\\\/radiotouring104\\\/wp-content\\\/uploads\\\/sites\\\/6\\\/2026\\\/09\\\/Relatrice-ONU-Disabilita-Heba-Hagrass-a-Reggio.jpeg\",\"datePublished\":\"2026-09-04T08:15:55+00:00\",\"dateModified\":\"2026-09-04T08:16:11+00:00\",\"description\":\"La Relatrice sar\u00e0 in Citt\u00e0 dal 24 al 27 settembre dove terr\u00e0 incontri istituzionali sui principi della Convenzione Onu\",\"breadcrumb\":{\"@id\":\"https:\\\/\\\/progettotouring.it\\\/radiotouring104\\\/2026\\\/09\\\/04\\\/il-dibattito-internazionale-sulla-disabilita-arriva-a-reggio-con-larrivo-in-citta-di-heba-hagrass-relatrice-speciale-dellonu\\\/#breadcrumb\"},\"inLanguage\":\"it-IT\",\"potentialAction\":[{\"@type\":\"ReadAction\",\"target\":[\"https:\\\/\\\/progettotouring.it\\\/radiotouring104\\\/2026\\\/09\\\/04\\\/il-dibattito-internazionale-sulla-disabilita-arriva-a-reggio-con-larrivo-in-citta-di-heba-hagrass-relatrice-speciale-dellonu\\\/\"]}]},{\"@type\":\"ImageObject\",\"inLanguage\":\"it-IT\",\"@id\":\"https:\\\/\\\/progettotouring.it\\\/radiotouring104\\\/2026\\\/09\\\/04\\\/il-dibattito-internazionale-sulla-disabilita-arriva-a-reggio-con-larrivo-in-citta-di-heba-hagrass-relatrice-speciale-dellonu\\\/#primaryimage\",\"url\":\"https:\\\/\\\/progettotouring.it\\\/radiotouring104\\\/wp-content\\\/uploads\\\/sites\\\/6\\\/2026\\\/09\\\/Relatrice-ONU-Disabilita-Heba-Hagrass-a-Reggio.jpeg\",\"contentUrl\":\"https:\\\/\\\/progettotouring.it\\\/radiotouring104\\\/wp-content\\\/uploads\\\/sites\\\/6\\\/2026\\\/09\\\/Relatrice-ONU-Disabilita-Heba-Hagrass-a-Reggio.jpeg\",\"width\":457,\"height\":621},{\"@type\":\"BreadcrumbList\",\"@id\":\"https:\\\/\\\/progettotouring.it\\\/radiotouring104\\\/2026\\\/09\\\/04\\\/il-dibattito-internazionale-sulla-disabilita-arriva-a-reggio-con-larrivo-in-citta-di-heba-hagrass-relatrice-speciale-dellonu\\\/#breadcrumb\",\"itemListElement\":[{\"@type\":\"ListItem\",\"position\":1,\"name\":\"Home\",\"item\":\"https:\\\/\\\/progettotouring.it\\\/radiotouring104\\\/\"},{\"@type\":\"ListItem\",\"position\":2,\"name\":\"Il dibattito internazionale sulla Disabilit\u00e0 arriva a Reggio con l&#8217;arrivo in Citt\u00e0 di Heba Hagrass, Relatrice Speciale dell\u2019ONU\"}]},{\"@type\":\"WebSite\",\"@id\":\"https:\\\/\\\/progettotouring.it\\\/radiotouring104\\\/#website\",\"url\":\"https:\\\/\\\/progettotouring.it\\\/radiotouring104\\\/\",\"name\":\"Radio Touring 104\",\"description\":\"La prima radio Reggina\",\"publisher\":{\"@id\":\"https:\\\/\\\/progettotouring.it\\\/radiotouring104\\\/#organization\"},\"potentialAction\":[{\"@type\":\"SearchAction\",\"target\":{\"@type\":\"EntryPoint\",\"urlTemplate\":\"https:\\\/\\\/progettotouring.it\\\/radiotouring104\\\/?s={search_term_string}\"},\"query-input\":{\"@type\":\"PropertyValueSpecification\",\"valueRequired\":true,\"valueName\":\"search_term_string\"}}],\"inLanguage\":\"it-IT\"},{\"@type\":\"Organization\",\"@id\":\"https:\\\/\\\/progettotouring.it\\\/radiotouring104\\\/#organization\",\"name\":\"Radio Touring 104\",\"url\":\"https:\\\/\\\/progettotouring.it\\\/radiotouring104\\\/\",\"logo\":{\"@type\":\"ImageObject\",\"inLanguage\":\"it-IT\",\"@id\":\"https:\\\/\\\/progettotouring.it\\\/radiotouring104\\\/#\\\/schema\\\/logo\\\/image\\\/\",\"url\":\"https:\\\/\\\/progettotouring.it\\\/radiotouring104\\\/wp-content\\\/uploads\\\/sites\\\/6\\\/2022\\\/02\\\/cropped-logo-radio-touring-104.png\",\"contentUrl\":\"https:\\\/\\\/progettotouring.it\\\/radiotouring104\\\/wp-content\\\/uploads\\\/sites\\\/6\\\/2022\\\/02\\\/cropped-logo-radio-touring-104.png\",\"width\":377,\"height\":182,\"caption\":\"Radio Touring 104\"},\"image\":{\"@id\":\"https:\\\/\\\/progettotouring.it\\\/radiotouring104\\\/#\\\/schema\\\/logo\\\/image\\\/\"}},{\"@type\":\"Person\",\"@id\":\"https:\\\/\\\/progettotouring.it\\\/radiotouring104\\\/#\\\/schema\\\/person\\\/78613917f1851f041f7483f5af1d422e\",\"name\":\"Sebastiano Plutino\",\"image\":{\"@type\":\"ImageObject\",\"inLanguage\":\"it-IT\",\"@id\":\"https:\\\/\\\/secure.gravatar.com\\\/avatar\\\/0546ffaa9b79224faf9f2a156b67a529ae861d3287c66c1d8ccfdf909bcba78d?s=96&d=mm&r=g\",\"url\":\"https:\\\/\\\/secure.gravatar.com\\\/avatar\\\/0546ffaa9b79224faf9f2a156b67a529ae861d3287c66c1d8ccfdf909bcba78d?s=96&d=mm&r=g\",\"contentUrl\":\"https:\\\/\\\/secure.gravatar.com\\\/avatar\\\/0546ffaa9b79224faf9f2a156b67a529ae861d3287c66c1d8ccfdf909bcba78d?s=96&d=mm&r=g\",\"caption\":\"Sebastiano Plutino\"},\"url\":\"https:\\\/\\\/progettotouring.it\\\/radiotouring104\\\/author\\\/sebastiano\\\/\"}]}<\/script>\n<!-- \/ Yoast SEO plugin. -->","yoast_head_json":{"title":"Disabilit\u00e0: la relatrice ONU, Hagrass, arriva a Reggio","description":"La Relatrice sar\u00e0 in Citt\u00e0 dal 24 al 27 settembre dove terr\u00e0 incontri istituzionali sui principi della Convenzione Onu","robots":{"index":"index","follow":"follow","max-snippet":"max-snippet:-1","max-image-preview":"max-image-preview:large","max-video-preview":"max-video-preview:-1"},"canonical":"https:\/\/progettotouring.it\/radiotouring104\/2026\/09\/04\/il-dibattito-internazionale-sulla-disabilita-arriva-a-reggio-con-larrivo-in-citta-di-heba-hagrass-relatrice-speciale-dellonu\/","og_locale":"it_IT","og_type":"article","og_title":"Disabilit\u00e0: la relatrice ONU, Hagrass, arriva a Reggio","og_description":"La Relatrice sar\u00e0 in Citt\u00e0 dal 24 al 27 settembre dove terr\u00e0 incontri istituzionali sui principi della Convenzione Onu","og_url":"https:\/\/progettotouring.it\/radiotouring104\/2026\/09\/04\/il-dibattito-internazionale-sulla-disabilita-arriva-a-reggio-con-larrivo-in-citta-di-heba-hagrass-relatrice-speciale-dellonu\/","og_site_name":"Radio Touring 104","article_published_time":"2026-09-04T08:15:55+00:00","article_modified_time":"2026-09-04T08:16:11+00:00","og_image":[{"width":457,"height":621,"url":"https:\/\/progettotouring.it\/radiotouring104\/wp-content\/uploads\/sites\/6\/2026\/09\/Relatrice-ONU-Disabilita-Heba-Hagrass-a-Reggio.jpeg","type":"image\/jpeg"}],"author":"Sebastiano Plutino","twitter_card":"summary_large_image","twitter_misc":{"Scritto da":"Sebastiano Plutino","Tempo di lettura stimato":"2 minuti"},"schema":{"@context":"https:\/\/schema.org","@graph":[{"@type":"Article","@id":"https:\/\/progettotouring.it\/radiotouring104\/2026\/09\/04\/il-dibattito-internazionale-sulla-disabilita-arriva-a-reggio-con-larrivo-in-citta-di-heba-hagrass-relatrice-speciale-dellonu\/#article","isPartOf":{"@id":"https:\/\/progettotouring.it\/radiotouring104\/2026\/09\/04\/il-dibattito-internazionale-sulla-disabilita-arriva-a-reggio-con-larrivo-in-citta-di-heba-hagrass-relatrice-speciale-dellonu\/"},"author":{"name":"Sebastiano Plutino","@id":"https:\/\/progettotouring.it\/radiotouring104\/#\/schema\/person\/78613917f1851f041f7483f5af1d422e"},"headline":"Il dibattito internazionale sulla Disabilit\u00e0 arriva a Reggio con l&#8217;arrivo in Citt\u00e0 di Heba Hagrass, Relatrice Speciale dell\u2019ONU","datePublished":"2026-09-04T08:15:55+00:00","dateModified":"2026-09-04T08:16:11+00:00","mainEntityOfPage":{"@id":"https:\/\/progettotouring.it\/radiotouring104\/2026\/09\/04\/il-dibattito-internazionale-sulla-disabilita-arriva-a-reggio-con-larrivo-in-citta-di-heba-hagrass-relatrice-speciale-dellonu\/"},"wordCount":431,"publisher":{"@id":"https:\/\/progettotouring.it\/radiotouring104\/#organization"},"image":{"@id":"https:\/\/progettotouring.it\/radiotouring104\/2026\/09\/04\/il-dibattito-internazionale-sulla-disabilita-arriva-a-reggio-con-larrivo-in-citta-di-heba-hagrass-relatrice-speciale-dellonu\/#primaryimage"},"thumbnailUrl":"https:\/\/progettotouring.it\/radiotouring104\/wp-content\/uploads\/sites\/6\/2026\/09\/Relatrice-ONU-Disabilita-Heba-Hagrass-a-Reggio.jpeg","keywords":["dibattito internazionale sulla Disabilit\u00e0 aarriva a Reggio","francesco cannizzaro","giusi princi","Heba Hagrass","invito","relatrice speciale dell'Onu"],"articleSection":["Home","In primo piano","News","Reggio Calabria"],"inLanguage":"it-IT"},{"@type":"WebPage","@id":"https:\/\/progettotouring.it\/radiotouring104\/2026\/09\/04\/il-dibattito-internazionale-sulla-disabilita-arriva-a-reggio-con-larrivo-in-citta-di-heba-hagrass-relatrice-speciale-dellonu\/","url":"https:\/\/progettotouring.it\/radiotouring104\/2026\/09\/04\/il-dibattito-internazionale-sulla-disabilita-arriva-a-reggio-con-larrivo-in-citta-di-heba-hagrass-relatrice-speciale-dellonu\/","name":"Disabilit\u00e0: la relatrice ONU, Hagrass, arriva a Reggio","isPartOf":{"@id":"https:\/\/progettotouring.it\/radiotouring104\/#website"},"primaryImageOfPage":{"@id":"https:\/\/progettotouring.it\/radiotouring104\/2026\/09\/04\/il-dibattito-internazionale-sulla-disabilita-arriva-a-reggio-con-larrivo-in-citta-di-heba-hagrass-relatrice-speciale-dellonu\/#primaryimage"},"image":{"@id":"https:\/\/progettotouring.it\/radiotouring104\/2026\/09\/04\/il-dibattito-internazionale-sulla-disabilita-arriva-a-reggio-con-larrivo-in-citta-di-heba-hagrass-relatrice-speciale-dellonu\/#primaryimage"},"thumbnailUrl":"https:\/\/progettotouring.it\/radiotouring104\/wp-content\/uploads\/sites\/6\/2026\/09\/Relatrice-ONU-Disabilita-Heba-Hagrass-a-Reggio.jpeg","datePublished":"2026-09-04T08:15:55+00:00","dateModified":"2026-09-04T08:16:11+00:00","description":"La Relatrice sar\u00e0 in Citt\u00e0 dal 24 al 27 settembre dove terr\u00e0 incontri istituzionali sui principi della Convenzione Onu","breadcrumb":{"@id":"https:\/\/progettotouring.it\/radiotouring104\/2026\/09\/04\/il-dibattito-internazionale-sulla-disabilita-arriva-a-reggio-con-larrivo-in-citta-di-heba-hagrass-relatrice-speciale-dellonu\/#breadcrumb"},"inLanguage":"it-IT","potentialAction":[{"@type":"ReadAction","target":["https:\/\/progettotouring.it\/radiotouring104\/2026\/09\/04\/il-dibattito-internazionale-sulla-disabilita-arriva-a-reggio-con-larrivo-in-citta-di-heba-hagrass-relatrice-speciale-dellonu\/"]}]},{"@type":"ImageObject","inLanguage":"it-IT","@id":"https:\/\/progettotouring.it\/radiotouring104\/2026\/09\/04\/il-dibattito-internazionale-sulla-disabilita-arriva-a-reggio-con-larrivo-in-citta-di-heba-hagrass-relatrice-speciale-dellonu\/#primaryimage","url":"https:\/\/progettotouring.it\/radiotouring104\/wp-content\/uploads\/sites\/6\/2026\/09\/Relatrice-ONU-Disabilita-Heba-Hagrass-a-Reggio.jpeg","contentUrl":"https:\/\/progettotouring.it\/radiotouring104\/wp-content\/uploads\/sites\/6\/2026\/09\/Relatrice-ONU-Disabilita-Heba-Hagrass-a-Reggio.jpeg","width":457,"height":621},{"@type":"BreadcrumbList","@id":"https:\/\/progettotouring.it\/radiotouring104\/2026\/09\/04\/il-dibattito-internazionale-sulla-disabilita-arriva-a-reggio-con-larrivo-in-citta-di-heba-hagrass-relatrice-speciale-dellonu\/#breadcrumb","itemListElement":[{"@type":"ListItem","position":1,"name":"Home","item":"https:\/\/progettotouring.it\/radiotouring104\/"},{"@type":"ListItem","position":2,"name":"Il dibattito internazionale sulla Disabilit\u00e0 arriva a Reggio con l&#8217;arrivo in Citt\u00e0 di Heba Hagrass, Relatrice Speciale dell\u2019ONU"}]},{"@type":"WebSite","@id":"https:\/\/progettotouring.it\/radiotouring104\/#website","url":"https:\/\/progettotouring.it\/radiotouring104\/","name":"Radio Touring 104","description":"La prima radio Reggina","publisher":{"@id":"https:\/\/progettotouring.it\/radiotouring104\/#organization"},"potentialAction":[{"@type":"SearchAction","target":{"@type":"EntryPoint","urlTemplate":"https:\/\/progettotouring.it\/radiotouring104\/?s={search_term_string}"},"query-input":{"@type":"PropertyValueSpecification","valueRequired":true,"valueName":"search_term_string"}}],"inLanguage":"it-IT"},{"@type":"Organization","@id":"https:\/\/progettotouring.it\/radiotouring104\/#organization","name":"Radio Touring 104","url":"https:\/\/progettotouring.it\/radiotouring104\/","logo":{"@type":"ImageObject","inLanguage":"it-IT","@id":"https:\/\/progettotouring.it\/radiotouring104\/#\/schema\/logo\/image\/","url":"https:\/\/progettotouring.it\/radiotouring104\/wp-content\/uploads\/sites\/6\/2022\/02\/cropped-logo-radio-touring-104.png","contentUrl":"https:\/\/progettotouring.it\/radiotouring104\/wp-content\/uploads\/sites\/6\/2022\/02\/cropped-logo-radio-touring-104.png","width":377,"height":182,"caption":"Radio Touring 104"},"image":{"@id":"https:\/\/progettotouring.it\/radiotouring104\/#\/schema\/logo\/image\/"}},{"@type":"Person","@id":"https:\/\/progettotouring.it\/radiotouring104\/#\/schema\/person\/78613917f1851f041f7483f5af1d422e","name":"Sebastiano Plutino","image":{"@type":"ImageObject","inLanguage":"it-IT","@id":"https:\/\/secure.gravatar.com\/avatar\/0546ffaa9b79224faf9f2a156b67a529ae861d3287c66c1d8ccfdf909bcba78d?s=96&d=mm&r=g","url":"https:\/\/secure.gravatar.com\/avatar\/0546ffaa9b79224faf9f2a156b67a529ae861d3287c66c1d8ccfdf909bcba78d?s=96&d=mm&r=g","contentUrl":"https:\/\/secure.gravatar.com\/avatar\/0546ffaa9b79224faf9f2a156b67a529ae861d3287c66c1d8ccfdf909bcba78d?s=96&d=mm&r=g","caption":"Sebastiano Plutino"},"url":"https:\/\/progettotouring.it\/radiotouring104\/author\/sebastiano\/"}]}},"jetpack_publicize_connections":[],"jetpack_sharing_enabled":true,"jetpack_featured_media_url":"https:\/\/progettotouring.it\/radiotouring104\/wp-content\/uploads\/sites\/6\/2026\/09\/Relatrice-ONU-Disabilita-Heba-Hagrass-a-Reggio.jpeg","_links":{"self":[{"href":"https:\/\/progettotouring.it\/radiotouring104\/wp-json\/wp\/v2\/posts\/99735","targetHints":{"allow":["GET"]}}],"collection":[{"href":"https:\/\/progettotouring.it\/radiotouring104\/wp-json\/wp\/v2\/posts"}],"about":[{"href":"https:\/\/progettotouring.it\/radiotouring104\/wp-json\/wp\/v2\/types\/post"}],"author":[{"embeddable":true,"href":"https:\/\/progettotouring.it\/radiotouring104\/wp-json\/wp\/v2\/users\/12"}],"replies":[{"embeddable":true,"href":"https:\/\/progettotouring.it\/radiotouring104\/wp-json\/wp\/v2\/comments?post=99735"}],"version-history":[{"count":2,"href":"https:\/\/progettotouring.it\/radiotouring104\/wp-json\/wp\/v2\/posts\/99735\/revisions"}],"predecessor-version":[{"id":99738,"href":"https:\/\/progettotouring.it\/radiotouring104\/wp-json\/wp\/v2\/posts\/99735\/revisions\/99738"}],"wp:featuredmedia":[{"embeddable":true,"href":"https:\/\/progettotouring.it\/radiotouring104\/wp-json\/wp\/v2\/media\/99736"}],"wp:attachment":[{"href":"https:\/\/progettotouring.it\/radiotouring104\/wp-json\/wp\/v2\/media?parent=99735"}],"wp:term":[{"taxonomy":"category","embeddable":true,"href":"https:\/\/progettotouring.it\/radiotouring104\/wp-json\/wp\/v2\/categories?post=99735"},{"taxonomy":"post_tag","embeddable":true,"href":"https:\/\/progettotouring.it\/radiotouring104\/wp-json\/wp\/v2\/tags?post=99735"}],"curies":[{"name":"wp","href":"https:\/\/api.w.org\/{rel}","templated":true}]}}