{"id":99739,"date":"2026-09-04T10:26:42","date_gmt":"2026-09-04T08:26:42","guid":{"rendered":"https:\/\/progettotouring.it\/radiotouring104\/?p=99739"},"modified":"2026-09-04T10:27:37","modified_gmt":"2026-09-04T08:27:37","slug":"comune-rc-i-consiglieri-di-csx-presentano-una-mozione-per-linserimento-lavorativo-delle-persone-con-disturbo-dello-spettro-autistico","status":"publish","type":"post","link":"https:\/\/progettotouring.it\/radiotouring104\/2026\/09\/04\/comune-rc-i-consiglieri-di-csx-presentano-una-mozione-per-linserimento-lavorativo-delle-persone-con-disturbo-dello-spettro-autistico\/","title":{"rendered":"Comune RC: i Consiglieri di Csx presentano una mozione per l&#8217;inserimento lavorativo delle persone con disturbo dello spettro autistico"},"content":{"rendered":"<div class=\"card-body message-content-body pt-0 d-flex flex-column gap-4 margin-left\">\n<div class=\"message-content-body-text\">\n<div class=\"email-viewer-container\">\n<div class=\"viewport\">\n<div class=\"content\">\n<div class=\"xam_msg_class\">\n<div dir=\"ltr\">\n<p>I Consiglieri di Centrosinistra del Comune di Reggio, Battaglia Domenico Catalano Francesco, Delfino Demetrio, Malara Marcantonio, Marino Giuseppe, Quartuccio Filippo, Romeo Carmelo, Versace Carmelo hanno presentato una mozione\u00a0per istituire un Tavolo permanente sull\u2019inserimento lavorativo delle persone con disturbo dello spettro autistico. \u00abA Reggio Calabria parlare di inclusione non pu\u00f2 significare soltanto organizzare iniziative o celebrare ricorrenze. L\u2019inclusione si misura nella capacit\u00e0 delle istituzioni di creare opportunit\u00e0 concrete di autonomia, formazione e lavoro\u00bb.<\/p>\n<p>\u00c8 questo il senso della mozione presentata dai consiglieri comunali firmatari, che chiedono all\u2019Amministrazione comunale di istituire un Tavolo permanente per l\u2019inserimento lavorativo delle persone con disturbo dello spettro autistico.<\/p>\n<p>Una proposta politica precisa: costruire una rete stabile tra Comune, Citt\u00e0 Metropolitana, Regione, Camera di Commercio, servizi per il lavoro, sanit\u00e0, associazioni, Terzo Settore, sindacati, scuola, universit\u00e0 e mondo delle imprese.<\/p>\n<p>\u00abNon \u00e8 giusto che, una volta terminato il percorso scolastico o formativo, tante persone e tante famiglie si trovino davanti a un vuoto. Il nostro impegno deve essere quello di facilitare percorsi di inserimento lavorativo\u00bb.<\/p>\n<p>La mozione punta a costruire percorsi personalizzati, individuando competenze, aspirazioni e potenzialit\u00e0 delle persone e mettendole in relazione con le esigenze del tessuto produttivo. Sono previste inoltre attivit\u00e0 di orientamento, formazione, tirocini, formazione on the job, tutoraggio e accompagnamento anche nella fase successiva all\u2019assunzione.<\/p>\n<p>\u00abIl Comune \u2013 sottolineano i consiglieri \u2013 pu\u00f2 assumere un ruolo di regia politica e coordinamento, mettendo a sistema ci\u00f2 che gi\u00e0 esiste e creando nuove opportunit\u00e0. L\u2019idea \u00e8 proprio quella di predisporre interventi strutturali\u00bb.<\/p>\n<p>La proposta prevede anche la realizzazione di un Piano territoriale per l\u2019inclusione lavorativa delle persone con disturbo dello spettro autistico, con obiettivi, azioni, tempi, responsabilit\u00e0 e indicatori per misurare concretamente i risultati.<\/p>\n<p>\u00abChiediamo all\u2019Amministrazione Comunale di condividere, insieme, questo percorso: stiamo tutti dalla parte di una citt\u00e0 che considera la disabilit\u00e0 non un bisogno assistenziale bens\u00ec un riconoscimento di competenze, talenti e capacit\u00e0 da valorizzare\u00bb.<\/p>\n<p>\u00abNoi \u2013 concludono i firmatari \u2013 siamo pronti a collaborare. Adesso chiediamo ai colleghi consiglieri comunali di centrodestra di fare altrettanto, approvando la mozione e trasformandola rapidamente in azioni concrete. Perch\u00e9 l\u2019inclusione non \u00e8 una concessione: \u00e8 un diritto. E il lavoro \u00e8 uno degli strumenti fondamentali per costruire autonomia, dignit\u00e0 e piena cittadinanza\u00bb.<\/p>\n<p>&nbsp;<\/p>\n<\/div>\n<\/div>\n<\/div>\n<\/div>\n<\/div>\n<\/div>\n<\/div>\n<div class=\"card-footer message-content-footer pb-3 sticky-bottom z-3 margin-left\">\n<div class=\"aru-button-group\" role=\"group\">\n<div class=\"top-text\">\n<div class=\"aru-button__inner aru-button__inner--md \">\n<div class=\"aru-button__content aru-button__content--start\"><\/div>\n<\/div>\n<\/div>\n<div class=\"top-text\">\n<div class=\"aru-button__inner aru-button__inner--md \">\n<div class=\" aru-button__content aru-button__content--center \"><\/div>\n<\/div>\n<\/div>\n<\/div>\n<\/div>\n","protected":false},"excerpt":{"rendered":"<p>I Consiglieri di Centrosinistra del Comune di Reggio, Battaglia Domenico Catalano Francesco, Delfino Demetrio, Malara Marcantonio, Marino Giuseppe, Quartuccio Filippo, Romeo Carmelo, Versace Carmelo hanno presentato una mozione\u00a0per istituire un&hellip;<\/p>\n","protected":false},"author":12,"featured_media":88689,"comment_status":"closed","ping_status":"open","sticky":false,"template":"","format":"standard","meta":{"_jetpack_newsletter_access":"","_jetpack_dont_email_post_to_subs":false,"_jetpack_newsletter_tier_id":0,"_jetpack_memberships_contains_paywalled_content":false,"_jetpack_feature_clip_id":0,"_jetpack_memberships_contains_paid_content":false,"footnotes":"","jetpack_publicize_message":"","jetpack_publicize_feature_enabled":true,"jetpack_social_post_already_shared":true,"jetpack_social_options":{"image_generator_settings":{"template":"highway","default_image_id":0,"font":"","enabled":false},"version":2},"jetpack_post_was_ever_published":false},"categories":[921,150,196,140],"tags":[818,1765,239,563,660,9778,56291,1857,4206,20355,56290,46513,493,14398,372],"class_list":["post-99739","post","type-post","status-publish","format-standard","has-post-thumbnail","hentry","category-home","category-in-primo-piano","category-news","category-reggio-calabria","tag-associazioni","tag-carmelo-romeo","tag-carmelo-versace","tag-citta-metropolitana-di-reggio-calabria","tag-comune","tag-comune-di-reggio","tag-creazione-rete-stabile","tag-demetrio-delfino","tag-domenico-battaglia","tag-imprese","tag-inserimento-lavorativo-delle-persone-con-disturbo-dello-spettro-autistico","tag-presentazione-mozione","tag-scuola","tag-sindacati","tag-universita"],"yoast_head":"<!-- This site is optimized with the Yoast SEO plugin v28.3 - https:\/\/yoast.com\/product\/yoast-seo-wordpress\/ -->\n<title>Autismo a Reggio: Csx presenta mozione per inserimento lavoro<\/title>\n<meta name=\"description\" content=\"&quot;Costruire una rete tra Istituzioni, Camera di Commercio, servizi per lavoro, sanit\u00e0 associazioni, sindacati, universit\u00e0 scuola ed imprese&quot;\" \/>\n<meta name=\"robots\" content=\"index, follow, max-snippet:-1, max-image-preview:large, max-video-preview:-1\" \/>\n<link rel=\"canonical\" href=\"https:\/\/progettotouring.it\/radiotouring104\/2026\/09\/04\/comune-rc-i-consiglieri-di-csx-presentano-una-mozione-per-linserimento-lavorativo-delle-persone-con-disturbo-dello-spettro-autistico\/\" \/>\n<meta property=\"og:locale\" content=\"it_IT\" \/>\n<meta property=\"og:type\" content=\"article\" \/>\n<meta property=\"og:title\" content=\"Autismo a Reggio: Csx presenta mozione per inserimento lavoro\" \/>\n<meta property=\"og:description\" content=\"&quot;Costruire una rete tra Istituzioni, Camera di Commercio, servizi per lavoro, sanit\u00e0 associazioni, sindacati, universit\u00e0 scuola ed imprese&quot;\" \/>\n<meta property=\"og:url\" content=\"https:\/\/progettotouring.it\/radiotouring104\/2026\/09\/04\/comune-rc-i-consiglieri-di-csx-presentano-una-mozione-per-linserimento-lavorativo-delle-persone-con-disturbo-dello-spettro-autistico\/\" \/>\n<meta property=\"og:site_name\" content=\"Radio Touring 104\" \/>\n<meta property=\"article:published_time\" content=\"2026-09-04T08:26:42+00:00\" \/>\n<meta property=\"article:modified_time\" content=\"2026-09-04T08:27:37+00:00\" \/>\n<meta property=\"og:image\" content=\"https:\/\/progettotouring.it\/radiotouring104\/wp-content\/uploads\/sites\/6\/2026\/01\/Palazzo-San-Giorgio.gif\" \/>\n\t<meta property=\"og:image:width\" content=\"442\" \/>\n\t<meta property=\"og:image:height\" content=\"315\" \/>\n\t<meta property=\"og:image:type\" content=\"image\/gif\" \/>\n<meta name=\"author\" content=\"Sebastiano Plutino\" \/>\n<meta name=\"twitter:card\" content=\"summary_large_image\" \/>\n<meta name=\"twitter:label1\" content=\"Scritto da\" \/>\n\t<meta name=\"twitter:data1\" content=\"Sebastiano Plutino\" \/>\n\t<meta name=\"twitter:label2\" content=\"Tempo di lettura stimato\" \/>\n\t<meta name=\"twitter:data2\" content=\"2 minuti\" \/>\n<script type=\"application\/ld+json\" class=\"yoast-schema-graph\">{\"@context\":\"https:\\\/\\\/schema.org\",\"@graph\":[{\"@type\":\"Article\",\"@id\":\"https:\\\/\\\/progettotouring.it\\\/radiotouring104\\\/2026\\\/09\\\/04\\\/comune-rc-i-consiglieri-di-csx-presentano-una-mozione-per-linserimento-lavorativo-delle-persone-con-disturbo-dello-spettro-autistico\\\/#article\",\"isPartOf\":{\"@id\":\"https:\\\/\\\/progettotouring.it\\\/radiotouring104\\\/2026\\\/09\\\/04\\\/comune-rc-i-consiglieri-di-csx-presentano-una-mozione-per-linserimento-lavorativo-delle-persone-con-disturbo-dello-spettro-autistico\\\/\"},\"author\":{\"name\":\"Sebastiano Plutino\",\"@id\":\"https:\\\/\\\/progettotouring.it\\\/radiotouring104\\\/#\\\/schema\\\/person\\\/78613917f1851f041f7483f5af1d422e\"},\"headline\":\"Comune RC: i Consiglieri di Csx presentano una mozione per l&#8217;inserimento lavorativo delle persone con disturbo dello spettro autistico\",\"datePublished\":\"2026-09-04T08:26:42+00:00\",\"dateModified\":\"2026-09-04T08:27:37+00:00\",\"mainEntityOfPage\":{\"@id\":\"https:\\\/\\\/progettotouring.it\\\/radiotouring104\\\/2026\\\/09\\\/04\\\/comune-rc-i-consiglieri-di-csx-presentano-una-mozione-per-linserimento-lavorativo-delle-persone-con-disturbo-dello-spettro-autistico\\\/\"},\"wordCount\":386,\"publisher\":{\"@id\":\"https:\\\/\\\/progettotouring.it\\\/radiotouring104\\\/#organization\"},\"image\":{\"@id\":\"https:\\\/\\\/progettotouring.it\\\/radiotouring104\\\/2026\\\/09\\\/04\\\/comune-rc-i-consiglieri-di-csx-presentano-una-mozione-per-linserimento-lavorativo-delle-persone-con-disturbo-dello-spettro-autistico\\\/#primaryimage\"},\"thumbnailUrl\":\"https:\\\/\\\/progettotouring.it\\\/radiotouring104\\\/wp-content\\\/uploads\\\/sites\\\/6\\\/2026\\\/01\\\/Palazzo-San-Giorgio.gif\",\"keywords\":[\"associazioni\",\"Carmelo Romeo\",\"carmelo versace\",\"Citt\u00e0 Metropolitana di Reggio Calabria\",\"comune\",\"Comune di Reggio\",\"creazione rete stabile\",\"Demetrio Delfino\",\"Domenico Battaglia\",\"imprese\",\"inserimento lavorativo delle persone con disturbo dello spettro autistico\",\"presentazione mozione\",\"scuola\",\"sindacati\",\"universit\u00e0\"],\"articleSection\":[\"Home\",\"In primo piano\",\"News\",\"Reggio Calabria\"],\"inLanguage\":\"it-IT\"},{\"@type\":\"WebPage\",\"@id\":\"https:\\\/\\\/progettotouring.it\\\/radiotouring104\\\/2026\\\/09\\\/04\\\/comune-rc-i-consiglieri-di-csx-presentano-una-mozione-per-linserimento-lavorativo-delle-persone-con-disturbo-dello-spettro-autistico\\\/\",\"url\":\"https:\\\/\\\/progettotouring.it\\\/radiotouring104\\\/2026\\\/09\\\/04\\\/comune-rc-i-consiglieri-di-csx-presentano-una-mozione-per-linserimento-lavorativo-delle-persone-con-disturbo-dello-spettro-autistico\\\/\",\"name\":\"Autismo a Reggio: Csx presenta mozione per inserimento lavoro\",\"isPartOf\":{\"@id\":\"https:\\\/\\\/progettotouring.it\\\/radiotouring104\\\/#website\"},\"primaryImageOfPage\":{\"@id\":\"https:\\\/\\\/progettotouring.it\\\/radiotouring104\\\/2026\\\/09\\\/04\\\/comune-rc-i-consiglieri-di-csx-presentano-una-mozione-per-linserimento-lavorativo-delle-persone-con-disturbo-dello-spettro-autistico\\\/#primaryimage\"},\"image\":{\"@id\":\"https:\\\/\\\/progettotouring.it\\\/radiotouring104\\\/2026\\\/09\\\/04\\\/comune-rc-i-consiglieri-di-csx-presentano-una-mozione-per-linserimento-lavorativo-delle-persone-con-disturbo-dello-spettro-autistico\\\/#primaryimage\"},\"thumbnailUrl\":\"https:\\\/\\\/progettotouring.it\\\/radiotouring104\\\/wp-content\\\/uploads\\\/sites\\\/6\\\/2026\\\/01\\\/Palazzo-San-Giorgio.gif\",\"datePublished\":\"2026-09-04T08:26:42+00:00\",\"dateModified\":\"2026-09-04T08:27:37+00:00\",\"description\":\"\\\"Costruire una rete tra Istituzioni, Camera di Commercio, servizi per lavoro, sanit\u00e0 associazioni, sindacati, universit\u00e0 scuola ed imprese\\\"\",\"breadcrumb\":{\"@id\":\"https:\\\/\\\/progettotouring.it\\\/radiotouring104\\\/2026\\\/09\\\/04\\\/comune-rc-i-consiglieri-di-csx-presentano-una-mozione-per-linserimento-lavorativo-delle-persone-con-disturbo-dello-spettro-autistico\\\/#breadcrumb\"},\"inLanguage\":\"it-IT\",\"potentialAction\":[{\"@type\":\"ReadAction\",\"target\":[\"https:\\\/\\\/progettotouring.it\\\/radiotouring104\\\/2026\\\/09\\\/04\\\/comune-rc-i-consiglieri-di-csx-presentano-una-mozione-per-linserimento-lavorativo-delle-persone-con-disturbo-dello-spettro-autistico\\\/\"]}]},{\"@type\":\"ImageObject\",\"inLanguage\":\"it-IT\",\"@id\":\"https:\\\/\\\/progettotouring.it\\\/radiotouring104\\\/2026\\\/09\\\/04\\\/comune-rc-i-consiglieri-di-csx-presentano-una-mozione-per-linserimento-lavorativo-delle-persone-con-disturbo-dello-spettro-autistico\\\/#primaryimage\",\"url\":\"https:\\\/\\\/progettotouring.it\\\/radiotouring104\\\/wp-content\\\/uploads\\\/sites\\\/6\\\/2026\\\/01\\\/Palazzo-San-Giorgio.gif\",\"contentUrl\":\"https:\\\/\\\/progettotouring.it\\\/radiotouring104\\\/wp-content\\\/uploads\\\/sites\\\/6\\\/2026\\\/01\\\/Palazzo-San-Giorgio.gif\",\"width\":442,\"height\":315},{\"@type\":\"BreadcrumbList\",\"@id\":\"https:\\\/\\\/progettotouring.it\\\/radiotouring104\\\/2026\\\/09\\\/04\\\/comune-rc-i-consiglieri-di-csx-presentano-una-mozione-per-linserimento-lavorativo-delle-persone-con-disturbo-dello-spettro-autistico\\\/#breadcrumb\",\"itemListElement\":[{\"@type\":\"ListItem\",\"position\":1,\"name\":\"Home\",\"item\":\"https:\\\/\\\/progettotouring.it\\\/radiotouring104\\\/\"},{\"@type\":\"ListItem\",\"position\":2,\"name\":\"Comune RC: i Consiglieri di Csx presentano una mozione per l&#8217;inserimento lavorativo delle persone con disturbo dello spettro autistico\"}]},{\"@type\":\"WebSite\",\"@id\":\"https:\\\/\\\/progettotouring.it\\\/radiotouring104\\\/#website\",\"url\":\"https:\\\/\\\/progettotouring.it\\\/radiotouring104\\\/\",\"name\":\"Radio Touring 104\",\"description\":\"La prima radio Reggina\",\"publisher\":{\"@id\":\"https:\\\/\\\/progettotouring.it\\\/radiotouring104\\\/#organization\"},\"potentialAction\":[{\"@type\":\"SearchAction\",\"target\":{\"@type\":\"EntryPoint\",\"urlTemplate\":\"https:\\\/\\\/progettotouring.it\\\/radiotouring104\\\/?s={search_term_string}\"},\"query-input\":{\"@type\":\"PropertyValueSpecification\",\"valueRequired\":true,\"valueName\":\"search_term_string\"}}],\"inLanguage\":\"it-IT\"},{\"@type\":\"Organization\",\"@id\":\"https:\\\/\\\/progettotouring.it\\\/radiotouring104\\\/#organization\",\"name\":\"Radio Touring 104\",\"url\":\"https:\\\/\\\/progettotouring.it\\\/radiotouring104\\\/\",\"logo\":{\"@type\":\"ImageObject\",\"inLanguage\":\"it-IT\",\"@id\":\"https:\\\/\\\/progettotouring.it\\\/radiotouring104\\\/#\\\/schema\\\/logo\\\/image\\\/\",\"url\":\"https:\\\/\\\/progettotouring.it\\\/radiotouring104\\\/wp-content\\\/uploads\\\/sites\\\/6\\\/2022\\\/02\\\/cropped-logo-radio-touring-104.png\",\"contentUrl\":\"https:\\\/\\\/progettotouring.it\\\/radiotouring104\\\/wp-content\\\/uploads\\\/sites\\\/6\\\/2022\\\/02\\\/cropped-logo-radio-touring-104.png\",\"width\":377,\"height\":182,\"caption\":\"Radio Touring 104\"},\"image\":{\"@id\":\"https:\\\/\\\/progettotouring.it\\\/radiotouring104\\\/#\\\/schema\\\/logo\\\/image\\\/\"}},{\"@type\":\"Person\",\"@id\":\"https:\\\/\\\/progettotouring.it\\\/radiotouring104\\\/#\\\/schema\\\/person\\\/78613917f1851f041f7483f5af1d422e\",\"name\":\"Sebastiano Plutino\",\"image\":{\"@type\":\"ImageObject\",\"inLanguage\":\"it-IT\",\"@id\":\"https:\\\/\\\/secure.gravatar.com\\\/avatar\\\/0546ffaa9b79224faf9f2a156b67a529ae861d3287c66c1d8ccfdf909bcba78d?s=96&d=mm&r=g\",\"url\":\"https:\\\/\\\/secure.gravatar.com\\\/avatar\\\/0546ffaa9b79224faf9f2a156b67a529ae861d3287c66c1d8ccfdf909bcba78d?s=96&d=mm&r=g\",\"contentUrl\":\"https:\\\/\\\/secure.gravatar.com\\\/avatar\\\/0546ffaa9b79224faf9f2a156b67a529ae861d3287c66c1d8ccfdf909bcba78d?s=96&d=mm&r=g\",\"caption\":\"Sebastiano Plutino\"},\"url\":\"https:\\\/\\\/progettotouring.it\\\/radiotouring104\\\/author\\\/sebastiano\\\/\"}]}<\/script>\n<!-- \/ Yoast SEO plugin. -->","yoast_head_json":{"title":"Autismo a Reggio: Csx presenta mozione per inserimento lavoro","description":"\"Costruire una rete tra Istituzioni, Camera di Commercio, servizi per lavoro, sanit\u00e0 associazioni, sindacati, universit\u00e0 scuola ed imprese\"","robots":{"index":"index","follow":"follow","max-snippet":"max-snippet:-1","max-image-preview":"max-image-preview:large","max-video-preview":"max-video-preview:-1"},"canonical":"https:\/\/progettotouring.it\/radiotouring104\/2026\/09\/04\/comune-rc-i-consiglieri-di-csx-presentano-una-mozione-per-linserimento-lavorativo-delle-persone-con-disturbo-dello-spettro-autistico\/","og_locale":"it_IT","og_type":"article","og_title":"Autismo a Reggio: Csx presenta mozione per inserimento lavoro","og_description":"\"Costruire una rete tra Istituzioni, Camera di Commercio, servizi per lavoro, sanit\u00e0 associazioni, sindacati, universit\u00e0 scuola ed imprese\"","og_url":"https:\/\/progettotouring.it\/radiotouring104\/2026\/09\/04\/comune-rc-i-consiglieri-di-csx-presentano-una-mozione-per-linserimento-lavorativo-delle-persone-con-disturbo-dello-spettro-autistico\/","og_site_name":"Radio Touring 104","article_published_time":"2026-09-04T08:26:42+00:00","article_modified_time":"2026-09-04T08:27:37+00:00","og_image":[{"width":442,"height":315,"url":"https:\/\/progettotouring.it\/radiotouring104\/wp-content\/uploads\/sites\/6\/2026\/01\/Palazzo-San-Giorgio.gif","type":"image\/gif"}],"author":"Sebastiano Plutino","twitter_card":"summary_large_image","twitter_misc":{"Scritto da":"Sebastiano Plutino","Tempo di lettura stimato":"2 minuti"},"schema":{"@context":"https:\/\/schema.org","@graph":[{"@type":"Article","@id":"https:\/\/progettotouring.it\/radiotouring104\/2026\/09\/04\/comune-rc-i-consiglieri-di-csx-presentano-una-mozione-per-linserimento-lavorativo-delle-persone-con-disturbo-dello-spettro-autistico\/#article","isPartOf":{"@id":"https:\/\/progettotouring.it\/radiotouring104\/2026\/09\/04\/comune-rc-i-consiglieri-di-csx-presentano-una-mozione-per-linserimento-lavorativo-delle-persone-con-disturbo-dello-spettro-autistico\/"},"author":{"name":"Sebastiano Plutino","@id":"https:\/\/progettotouring.it\/radiotouring104\/#\/schema\/person\/78613917f1851f041f7483f5af1d422e"},"headline":"Comune RC: i Consiglieri di Csx presentano una mozione per l&#8217;inserimento lavorativo delle persone con disturbo dello spettro autistico","datePublished":"2026-09-04T08:26:42+00:00","dateModified":"2026-09-04T08:27:37+00:00","mainEntityOfPage":{"@id":"https:\/\/progettotouring.it\/radiotouring104\/2026\/09\/04\/comune-rc-i-consiglieri-di-csx-presentano-una-mozione-per-linserimento-lavorativo-delle-persone-con-disturbo-dello-spettro-autistico\/"},"wordCount":386,"publisher":{"@id":"https:\/\/progettotouring.it\/radiotouring104\/#organization"},"image":{"@id":"https:\/\/progettotouring.it\/radiotouring104\/2026\/09\/04\/comune-rc-i-consiglieri-di-csx-presentano-una-mozione-per-linserimento-lavorativo-delle-persone-con-disturbo-dello-spettro-autistico\/#primaryimage"},"thumbnailUrl":"https:\/\/progettotouring.it\/radiotouring104\/wp-content\/uploads\/sites\/6\/2026\/01\/Palazzo-San-Giorgio.gif","keywords":["associazioni","Carmelo Romeo","carmelo versace","Citt\u00e0 Metropolitana di Reggio Calabria","comune","Comune di Reggio","creazione rete stabile","Demetrio Delfino","Domenico Battaglia","imprese","inserimento lavorativo delle persone con disturbo dello spettro autistico","presentazione mozione","scuola","sindacati","universit\u00e0"],"articleSection":["Home","In primo piano","News","Reggio Calabria"],"inLanguage":"it-IT"},{"@type":"WebPage","@id":"https:\/\/progettotouring.it\/radiotouring104\/2026\/09\/04\/comune-rc-i-consiglieri-di-csx-presentano-una-mozione-per-linserimento-lavorativo-delle-persone-con-disturbo-dello-spettro-autistico\/","url":"https:\/\/progettotouring.it\/radiotouring104\/2026\/09\/04\/comune-rc-i-consiglieri-di-csx-presentano-una-mozione-per-linserimento-lavorativo-delle-persone-con-disturbo-dello-spettro-autistico\/","name":"Autismo a Reggio: Csx presenta mozione per inserimento lavoro","isPartOf":{"@id":"https:\/\/progettotouring.it\/radiotouring104\/#website"},"primaryImageOfPage":{"@id":"https:\/\/progettotouring.it\/radiotouring104\/2026\/09\/04\/comune-rc-i-consiglieri-di-csx-presentano-una-mozione-per-linserimento-lavorativo-delle-persone-con-disturbo-dello-spettro-autistico\/#primaryimage"},"image":{"@id":"https:\/\/progettotouring.it\/radiotouring104\/2026\/09\/04\/comune-rc-i-consiglieri-di-csx-presentano-una-mozione-per-linserimento-lavorativo-delle-persone-con-disturbo-dello-spettro-autistico\/#primaryimage"},"thumbnailUrl":"https:\/\/progettotouring.it\/radiotouring104\/wp-content\/uploads\/sites\/6\/2026\/01\/Palazzo-San-Giorgio.gif","datePublished":"2026-09-04T08:26:42+00:00","dateModified":"2026-09-04T08:27:37+00:00","description":"\"Costruire una rete tra Istituzioni, Camera di Commercio, servizi per lavoro, sanit\u00e0 associazioni, sindacati, universit\u00e0 scuola ed imprese\"","breadcrumb":{"@id":"https:\/\/progettotouring.it\/radiotouring104\/2026\/09\/04\/comune-rc-i-consiglieri-di-csx-presentano-una-mozione-per-linserimento-lavorativo-delle-persone-con-disturbo-dello-spettro-autistico\/#breadcrumb"},"inLanguage":"it-IT","potentialAction":[{"@type":"ReadAction","target":["https:\/\/progettotouring.it\/radiotouring104\/2026\/09\/04\/comune-rc-i-consiglieri-di-csx-presentano-una-mozione-per-linserimento-lavorativo-delle-persone-con-disturbo-dello-spettro-autistico\/"]}]},{"@type":"ImageObject","inLanguage":"it-IT","@id":"https:\/\/progettotouring.it\/radiotouring104\/2026\/09\/04\/comune-rc-i-consiglieri-di-csx-presentano-una-mozione-per-linserimento-lavorativo-delle-persone-con-disturbo-dello-spettro-autistico\/#primaryimage","url":"https:\/\/progettotouring.it\/radiotouring104\/wp-content\/uploads\/sites\/6\/2026\/01\/Palazzo-San-Giorgio.gif","contentUrl":"https:\/\/progettotouring.it\/radiotouring104\/wp-content\/uploads\/sites\/6\/2026\/01\/Palazzo-San-Giorgio.gif","width":442,"height":315},{"@type":"BreadcrumbList","@id":"https:\/\/progettotouring.it\/radiotouring104\/2026\/09\/04\/comune-rc-i-consiglieri-di-csx-presentano-una-mozione-per-linserimento-lavorativo-delle-persone-con-disturbo-dello-spettro-autistico\/#breadcrumb","itemListElement":[{"@type":"ListItem","position":1,"name":"Home","item":"https:\/\/progettotouring.it\/radiotouring104\/"},{"@type":"ListItem","position":2,"name":"Comune RC: i Consiglieri di Csx presentano una mozione per l&#8217;inserimento lavorativo delle persone con disturbo dello spettro autistico"}]},{"@type":"WebSite","@id":"https:\/\/progettotouring.it\/radiotouring104\/#website","url":"https:\/\/progettotouring.it\/radiotouring104\/","name":"Radio Touring 104","description":"La prima radio Reggina","publisher":{"@id":"https:\/\/progettotouring.it\/radiotouring104\/#organization"},"potentialAction":[{"@type":"SearchAction","target":{"@type":"EntryPoint","urlTemplate":"https:\/\/progettotouring.it\/radiotouring104\/?s={search_term_string}"},"query-input":{"@type":"PropertyValueSpecification","valueRequired":true,"valueName":"search_term_string"}}],"inLanguage":"it-IT"},{"@type":"Organization","@id":"https:\/\/progettotouring.it\/radiotouring104\/#organization","name":"Radio Touring 104","url":"https:\/\/progettotouring.it\/radiotouring104\/","logo":{"@type":"ImageObject","inLanguage":"it-IT","@id":"https:\/\/progettotouring.it\/radiotouring104\/#\/schema\/logo\/image\/","url":"https:\/\/progettotouring.it\/radiotouring104\/wp-content\/uploads\/sites\/6\/2022\/02\/cropped-logo-radio-touring-104.png","contentUrl":"https:\/\/progettotouring.it\/radiotouring104\/wp-content\/uploads\/sites\/6\/2022\/02\/cropped-logo-radio-touring-104.png","width":377,"height":182,"caption":"Radio Touring 104"},"image":{"@id":"https:\/\/progettotouring.it\/radiotouring104\/#\/schema\/logo\/image\/"}},{"@type":"Person","@id":"https:\/\/progettotouring.it\/radiotouring104\/#\/schema\/person\/78613917f1851f041f7483f5af1d422e","name":"Sebastiano Plutino","image":{"@type":"ImageObject","inLanguage":"it-IT","@id":"https:\/\/secure.gravatar.com\/avatar\/0546ffaa9b79224faf9f2a156b67a529ae861d3287c66c1d8ccfdf909bcba78d?s=96&d=mm&r=g","url":"https:\/\/secure.gravatar.com\/avatar\/0546ffaa9b79224faf9f2a156b67a529ae861d3287c66c1d8ccfdf909bcba78d?s=96&d=mm&r=g","contentUrl":"https:\/\/secure.gravatar.com\/avatar\/0546ffaa9b79224faf9f2a156b67a529ae861d3287c66c1d8ccfdf909bcba78d?s=96&d=mm&r=g","caption":"Sebastiano Plutino"},"url":"https:\/\/progettotouring.it\/radiotouring104\/author\/sebastiano\/"}]}},"jetpack_publicize_connections":[],"jetpack_sharing_enabled":true,"jetpack_featured_media_url":"https:\/\/progettotouring.it\/radiotouring104\/wp-content\/uploads\/sites\/6\/2026\/01\/Palazzo-San-Giorgio.gif","_links":{"self":[{"href":"https:\/\/progettotouring.it\/radiotouring104\/wp-json\/wp\/v2\/posts\/99739","targetHints":{"allow":["GET"]}}],"collection":[{"href":"https:\/\/progettotouring.it\/radiotouring104\/wp-json\/wp\/v2\/posts"}],"about":[{"href":"https:\/\/progettotouring.it\/radiotouring104\/wp-json\/wp\/v2\/types\/post"}],"author":[{"embeddable":true,"href":"https:\/\/progettotouring.it\/radiotouring104\/wp-json\/wp\/v2\/users\/12"}],"replies":[{"embeddable":true,"href":"https:\/\/progettotouring.it\/radiotouring104\/wp-json\/wp\/v2\/comments?post=99739"}],"version-history":[{"count":2,"href":"https:\/\/progettotouring.it\/radiotouring104\/wp-json\/wp\/v2\/posts\/99739\/revisions"}],"predecessor-version":[{"id":99741,"href":"https:\/\/progettotouring.it\/radiotouring104\/wp-json\/wp\/v2\/posts\/99739\/revisions\/99741"}],"wp:featuredmedia":[{"embeddable":true,"href":"https:\/\/progettotouring.it\/radiotouring104\/wp-json\/wp\/v2\/media\/88689"}],"wp:attachment":[{"href":"https:\/\/progettotouring.it\/radiotouring104\/wp-json\/wp\/v2\/media?parent=99739"}],"wp:term":[{"taxonomy":"category","embeddable":true,"href":"https:\/\/progettotouring.it\/radiotouring104\/wp-json\/wp\/v2\/categories?post=99739"},{"taxonomy":"post_tag","embeddable":true,"href":"https:\/\/progettotouring.it\/radiotouring104\/wp-json\/wp\/v2\/tags?post=99739"}],"curies":[{"name":"wp","href":"https:\/\/api.w.org\/{rel}","templated":true}]}}