{"id":99752,"date":"2026-09-04T11:49:11","date_gmt":"2026-09-04T09:49:11","guid":{"rendered":"https:\/\/progettotouring.it\/radiotouring104\/?p=99752"},"modified":"2026-09-04T12:06:17","modified_gmt":"2026-09-04T10:06:17","slug":"trasporto-pubblico-locale-gruppo-pd-in-consiglio-regionale-attacca-per-riforme-cosi-profonde-serve-il-coinvolgimento-dei-territori","status":"publish","type":"post","link":"https:\/\/progettotouring.it\/radiotouring104\/2026\/09\/04\/trasporto-pubblico-locale-gruppo-pd-in-consiglio-regionale-attacca-per-riforme-cosi-profonde-serve-il-coinvolgimento-dei-territori\/","title":{"rendered":"Trasporto Pubblico Locale, Gruppo Pd in Consiglio Regionale attacca: &#8220;Per riforme cosi profonde, serve il coinvolgimento dei Territori&#8221;"},"content":{"rendered":"<p>La vicenda delle mancate audizioni dei sindaci di Catanzaro, Cosenza e Vibo Valentia, dimostra ancora una volta che anche sulla riforma del trasporto pubblico locale la Regione sta sbagliando nel metodo oltre che nel merito. Non \u00e8 possibile a nostro avviso ridisegnare la governance del TPL, modificare le modalit\u00e0 di affidamento dei servizi, incidere sulle competenze degli enti locali e prevedere nuovi oneri per i Comuni senza garantire un confronto vero con tutti i territori. Questa dovrebbe essere la \u201cstella polare\u201d da seguire ogni volta che si intende mettere mano a riforme cos\u00ec importanti e cos\u00ec impattanti sulla vita dei cittadini.<\/p>\n<p>&nbsp;<\/p>\n<p>E\u2019 il caso della proposta di legge sulla \u201cDisciplina dei servizi di trasporto pubblico locale\u201d che la maggioranza porter\u00e0 a breve in Consiglio regionale per l\u2019approvazione, e che prevede la soppressione di ART-CAL (Autorit\u00e0 Regionale Trasporti Calabria) e la nascita di AMCAL (Agenzia della Mobilit\u00e0 della Calabria), alla quale verrebbero attribuite funzioni strategiche sull\u2019organizzazione dei servizi, sugli affidamenti e sui contratti. Ma la Regione, al di l\u00e0 della solita propensione a situire \u201cnuovi carrozzoni\u201d con nuove denominazioni (vedi Azienda Zero, Arrical etc.) deve spiegare perch\u00e9, pochi mesi dopo aver adottato l\u2019aggiornamento del Piano regionale dei trasporti indicando ART-CAL quale soggetto centrale, intenda sostituirlo d&#8217;embl\u00e9e con AM-CAL.<\/p>\n<p>&nbsp;<\/p>\n<p>Il rischio, ancora una volta, \u00e8 quello di assistere ad un film gi\u00e0 visto: approvare, ancora una volta, prima il nuovo contenitore societario e rinviare a dopo le scelte vere e decisive su quali servizi garantire, con quali risorse (ad oggi oltre 11 miliardi di fabbisogno non coperto) a quali territori e con quali controlli. Non \u00e8 sufficiente dichiarare che la riforma non produce nuovi oneri, occorre dimostrare che le risorse destinate alla governance non verranno sottratte ai servizi. Una partita importante, resa ancora pi\u00f9 complicata dalla spada di Damocle dell\u2019autonomia differenziata, a cui il \u201cfinto patriota\u201d Occhiuto sta legando il futuro anche della nostra regione, insieme a quelle del Nord Italia. Basti ricordare che con la riforma del federalismo fiscale, fortemente voluta dalla Lega e dal Ministro Calderoli, la dotazione destinata al TPL sar\u00e0 considerevolmente ridotta, penalizzando ancora di pi\u00f9 una regione come la Calabria gi\u00e0 oggi in difficolt\u00e0 rispetto al cofinanziamento.<\/p>\n<p>&nbsp;<\/p>\n<p>E\u2019 bene evidenziare che questa riforma dispiegher\u00e0 i suoi effetti nei prossimi venti anni, giocando un ruolo decisivo nella vita dei calabresi. Ai cittadini, del resto, non interessa il cambio di denominazione dell\u2019ente o i dettagli burocratici, interessa sapere se treni e autobus saranno sufficienti per raggiungere luoghi di lavoro, scuole e ospedali come avviene nel resto d\u2019Italia, se chi fa impresa potr\u00e0 contare su una rete di collegamento capillare, se i territori periferici e le aree interne potranno finalmente avere collegamenti agevoli con il resto della regione. E\u2019 paradossale che su questioni cos\u00ec complesse e su un documento cos\u00ec articolato come il Piano dei trasporti la Regione chieda ai Comuni tramite una Pec inviata in tarda serata di fornire le proprie osservazioni in appena 48 ore. Chiediamo, quindi, la sospensione dell\u2019iter e a stretto giro una nuova fase di audizioni, con il coinvolgimento di tutti gli attori istituzionali interessati. Prima di cambiare societ\u00e0, la Regione cambi metodo.<\/p>\n","protected":false},"excerpt":{"rendered":"<p>La vicenda delle mancate audizioni dei sindaci di Catanzaro, Cosenza e Vibo Valentia, dimostra ancora una volta che anche sulla riforma del trasporto pubblico locale la Regione sta sbagliando nel&hellip;<\/p>\n","protected":false},"author":5,"featured_media":99753,"comment_status":"closed","ping_status":"open","sticky":false,"template":"","format":"standard","meta":{"_jetpack_newsletter_access":"","_jetpack_dont_email_post_to_subs":false,"_jetpack_newsletter_tier_id":0,"_jetpack_memberships_contains_paywalled_content":false,"_jetpack_feature_clip_id":0,"_jetpack_memberships_contains_paid_content":false,"footnotes":"","jetpack_publicize_message":"","jetpack_publicize_feature_enabled":true,"jetpack_social_post_already_shared":true,"jetpack_social_options":{"image_generator_settings":{"template":"highway","default_image_id":0,"font":"","enabled":false},"version":2},"jetpack_post_was_ever_published":false},"categories":[142,921,196,140],"tags":[218,3889,30465,2654,36639,56303,56302,56304,50683],"class_list":["post-99752","post","type-post","status-publish","format-standard","has-post-thumbnail","hentry","category-calabria","category-home","category-news","category-reggio-calabria","tag-consiglio-regionale","tag-ernesto-alecci","tag-falcomata-giuseppe","tag-giuseppe-ranuccio","tag-gruppo-pd","tag-merito","tag-regione-sbaglia-metodo","tag-serve-coinvolgimento-del-territorio","tag-trasporto-pubblico-locale"],"yoast_head":"<!-- This site is optimized with the Yoast SEO plugin v28.3 - https:\/\/yoast.com\/product\/yoast-seo-wordpress\/ -->\n<title>Trasporto Pubblico Locale, Gruppo Pd in Consiglio Regionale attacca: &quot;Per riforme cosi profonde, serve il coinvolgimento dei Territori&quot; - Radio Touring 104<\/title>\n<meta name=\"description\" content=\"&quot;Regione sbaglia merito e metodo. Il rischio \u00e8 di approvare prima il nuovo contenitore societario e rinviare a dopo le scelte decisive&quot;\" \/>\n<meta name=\"robots\" content=\"index, follow, max-snippet:-1, max-image-preview:large, max-video-preview:-1\" \/>\n<link rel=\"canonical\" href=\"https:\/\/progettotouring.it\/radiotouring104\/2026\/09\/04\/trasporto-pubblico-locale-gruppo-pd-in-consiglio-regionale-attacca-per-riforme-cosi-profonde-serve-il-coinvolgimento-dei-territori\/\" \/>\n<meta property=\"og:locale\" content=\"it_IT\" \/>\n<meta property=\"og:type\" content=\"article\" \/>\n<meta property=\"og:title\" content=\"Trasporto Pubblico Locale, Gruppo Pd in Consiglio Regionale attacca: &quot;Per riforme cosi profonde, serve il coinvolgimento dei Territori&quot; - Radio Touring 104\" \/>\n<meta property=\"og:description\" content=\"&quot;Regione sbaglia merito e metodo. Il rischio \u00e8 di approvare prima il nuovo contenitore societario e rinviare a dopo le scelte decisive&quot;\" \/>\n<meta property=\"og:url\" content=\"https:\/\/progettotouring.it\/radiotouring104\/2026\/09\/04\/trasporto-pubblico-locale-gruppo-pd-in-consiglio-regionale-attacca-per-riforme-cosi-profonde-serve-il-coinvolgimento-dei-territori\/\" \/>\n<meta property=\"og:site_name\" content=\"Radio Touring 104\" \/>\n<meta property=\"article:published_time\" content=\"2026-09-04T09:49:11+00:00\" \/>\n<meta property=\"article:modified_time\" content=\"2026-09-04T10:06:17+00:00\" \/>\n<meta property=\"og:image\" content=\"https:\/\/progettotouring.it\/radiotouring104\/wp-content\/uploads\/sites\/6\/2026\/09\/gruppo-pd-consiglio-regionale-calabria-1-scaled.jpg\" \/>\n\t<meta property=\"og:image:width\" content=\"2560\" \/>\n\t<meta property=\"og:image:height\" content=\"2329\" \/>\n\t<meta property=\"og:image:type\" content=\"image\/jpeg\" \/>\n<meta name=\"author\" content=\"redazione\" \/>\n<meta name=\"twitter:card\" content=\"summary_large_image\" \/>\n<meta name=\"twitter:label1\" content=\"Scritto da\" \/>\n\t<meta name=\"twitter:data1\" content=\"redazione\" \/>\n\t<meta name=\"twitter:label2\" content=\"Tempo di lettura stimato\" \/>\n\t<meta name=\"twitter:data2\" content=\"3 minuti\" \/>\n<script type=\"application\/ld+json\" class=\"yoast-schema-graph\">{\"@context\":\"https:\\\/\\\/schema.org\",\"@graph\":[{\"@type\":\"Article\",\"@id\":\"https:\\\/\\\/progettotouring.it\\\/radiotouring104\\\/2026\\\/09\\\/04\\\/trasporto-pubblico-locale-gruppo-pd-in-consiglio-regionale-attacca-per-riforme-cosi-profonde-serve-il-coinvolgimento-dei-territori\\\/#article\",\"isPartOf\":{\"@id\":\"https:\\\/\\\/progettotouring.it\\\/radiotouring104\\\/2026\\\/09\\\/04\\\/trasporto-pubblico-locale-gruppo-pd-in-consiglio-regionale-attacca-per-riforme-cosi-profonde-serve-il-coinvolgimento-dei-territori\\\/\"},\"author\":{\"name\":\"redazione\",\"@id\":\"https:\\\/\\\/progettotouring.it\\\/radiotouring104\\\/#\\\/schema\\\/person\\\/1b3eb3c07c47136bc44c785c543e635f\"},\"headline\":\"Trasporto Pubblico Locale, Gruppo Pd in Consiglio Regionale attacca: &#8220;Per riforme cosi profonde, serve il coinvolgimento dei Territori&#8221;\",\"datePublished\":\"2026-09-04T09:49:11+00:00\",\"dateModified\":\"2026-09-04T10:06:17+00:00\",\"mainEntityOfPage\":{\"@id\":\"https:\\\/\\\/progettotouring.it\\\/radiotouring104\\\/2026\\\/09\\\/04\\\/trasporto-pubblico-locale-gruppo-pd-in-consiglio-regionale-attacca-per-riforme-cosi-profonde-serve-il-coinvolgimento-dei-territori\\\/\"},\"wordCount\":542,\"publisher\":{\"@id\":\"https:\\\/\\\/progettotouring.it\\\/radiotouring104\\\/#organization\"},\"image\":{\"@id\":\"https:\\\/\\\/progettotouring.it\\\/radiotouring104\\\/2026\\\/09\\\/04\\\/trasporto-pubblico-locale-gruppo-pd-in-consiglio-regionale-attacca-per-riforme-cosi-profonde-serve-il-coinvolgimento-dei-territori\\\/#primaryimage\"},\"thumbnailUrl\":\"https:\\\/\\\/progettotouring.it\\\/radiotouring104\\\/wp-content\\\/uploads\\\/sites\\\/6\\\/2026\\\/09\\\/gruppo-pd-consiglio-regionale-calabria-1-scaled.jpg\",\"keywords\":[\"Consiglio regionale\",\"Ernesto Alecci\",\"Falcomat\u00e0 Giuseppe\",\"giuseppe ranuccio\",\"Gruppo Pd\",\"merito\",\"regione sbaglia metodo\",\"serve coinvolgimento del territorio\",\"Trasporto Pubblico locale\"],\"articleSection\":[\"Calabria\",\"Home\",\"News\",\"Reggio Calabria\"],\"inLanguage\":\"it-IT\"},{\"@type\":\"WebPage\",\"@id\":\"https:\\\/\\\/progettotouring.it\\\/radiotouring104\\\/2026\\\/09\\\/04\\\/trasporto-pubblico-locale-gruppo-pd-in-consiglio-regionale-attacca-per-riforme-cosi-profonde-serve-il-coinvolgimento-dei-territori\\\/\",\"url\":\"https:\\\/\\\/progettotouring.it\\\/radiotouring104\\\/2026\\\/09\\\/04\\\/trasporto-pubblico-locale-gruppo-pd-in-consiglio-regionale-attacca-per-riforme-cosi-profonde-serve-il-coinvolgimento-dei-territori\\\/\",\"name\":\"Trasporto Pubblico Locale, Gruppo Pd in Consiglio Regionale attacca: \\\"Per riforme cosi profonde, serve il coinvolgimento dei Territori\\\" - Radio Touring 104\",\"isPartOf\":{\"@id\":\"https:\\\/\\\/progettotouring.it\\\/radiotouring104\\\/#website\"},\"primaryImageOfPage\":{\"@id\":\"https:\\\/\\\/progettotouring.it\\\/radiotouring104\\\/2026\\\/09\\\/04\\\/trasporto-pubblico-locale-gruppo-pd-in-consiglio-regionale-attacca-per-riforme-cosi-profonde-serve-il-coinvolgimento-dei-territori\\\/#primaryimage\"},\"image\":{\"@id\":\"https:\\\/\\\/progettotouring.it\\\/radiotouring104\\\/2026\\\/09\\\/04\\\/trasporto-pubblico-locale-gruppo-pd-in-consiglio-regionale-attacca-per-riforme-cosi-profonde-serve-il-coinvolgimento-dei-territori\\\/#primaryimage\"},\"thumbnailUrl\":\"https:\\\/\\\/progettotouring.it\\\/radiotouring104\\\/wp-content\\\/uploads\\\/sites\\\/6\\\/2026\\\/09\\\/gruppo-pd-consiglio-regionale-calabria-1-scaled.jpg\",\"datePublished\":\"2026-09-04T09:49:11+00:00\",\"dateModified\":\"2026-09-04T10:06:17+00:00\",\"description\":\"\\\"Regione sbaglia merito e metodo. Il rischio \u00e8 di approvare prima il nuovo contenitore societario e rinviare a dopo le scelte decisive\\\"\",\"breadcrumb\":{\"@id\":\"https:\\\/\\\/progettotouring.it\\\/radiotouring104\\\/2026\\\/09\\\/04\\\/trasporto-pubblico-locale-gruppo-pd-in-consiglio-regionale-attacca-per-riforme-cosi-profonde-serve-il-coinvolgimento-dei-territori\\\/#breadcrumb\"},\"inLanguage\":\"it-IT\",\"potentialAction\":[{\"@type\":\"ReadAction\",\"target\":[\"https:\\\/\\\/progettotouring.it\\\/radiotouring104\\\/2026\\\/09\\\/04\\\/trasporto-pubblico-locale-gruppo-pd-in-consiglio-regionale-attacca-per-riforme-cosi-profonde-serve-il-coinvolgimento-dei-territori\\\/\"]}]},{\"@type\":\"ImageObject\",\"inLanguage\":\"it-IT\",\"@id\":\"https:\\\/\\\/progettotouring.it\\\/radiotouring104\\\/2026\\\/09\\\/04\\\/trasporto-pubblico-locale-gruppo-pd-in-consiglio-regionale-attacca-per-riforme-cosi-profonde-serve-il-coinvolgimento-dei-territori\\\/#primaryimage\",\"url\":\"https:\\\/\\\/progettotouring.it\\\/radiotouring104\\\/wp-content\\\/uploads\\\/sites\\\/6\\\/2026\\\/09\\\/gruppo-pd-consiglio-regionale-calabria-1-scaled.jpg\",\"contentUrl\":\"https:\\\/\\\/progettotouring.it\\\/radiotouring104\\\/wp-content\\\/uploads\\\/sites\\\/6\\\/2026\\\/09\\\/gruppo-pd-consiglio-regionale-calabria-1-scaled.jpg\",\"width\":2560,\"height\":2329},{\"@type\":\"BreadcrumbList\",\"@id\":\"https:\\\/\\\/progettotouring.it\\\/radiotouring104\\\/2026\\\/09\\\/04\\\/trasporto-pubblico-locale-gruppo-pd-in-consiglio-regionale-attacca-per-riforme-cosi-profonde-serve-il-coinvolgimento-dei-territori\\\/#breadcrumb\",\"itemListElement\":[{\"@type\":\"ListItem\",\"position\":1,\"name\":\"Home\",\"item\":\"https:\\\/\\\/progettotouring.it\\\/radiotouring104\\\/\"},{\"@type\":\"ListItem\",\"position\":2,\"name\":\"Trasporto Pubblico Locale, Gruppo Pd in Consiglio Regionale attacca: &#8220;Per riforme cosi profonde, serve il coinvolgimento dei Territori&#8221;\"}]},{\"@type\":\"WebSite\",\"@id\":\"https:\\\/\\\/progettotouring.it\\\/radiotouring104\\\/#website\",\"url\":\"https:\\\/\\\/progettotouring.it\\\/radiotouring104\\\/\",\"name\":\"Radio Touring 104\",\"description\":\"La prima radio Reggina\",\"publisher\":{\"@id\":\"https:\\\/\\\/progettotouring.it\\\/radiotouring104\\\/#organization\"},\"potentialAction\":[{\"@type\":\"SearchAction\",\"target\":{\"@type\":\"EntryPoint\",\"urlTemplate\":\"https:\\\/\\\/progettotouring.it\\\/radiotouring104\\\/?s={search_term_string}\"},\"query-input\":{\"@type\":\"PropertyValueSpecification\",\"valueRequired\":true,\"valueName\":\"search_term_string\"}}],\"inLanguage\":\"it-IT\"},{\"@type\":\"Organization\",\"@id\":\"https:\\\/\\\/progettotouring.it\\\/radiotouring104\\\/#organization\",\"name\":\"Radio Touring 104\",\"url\":\"https:\\\/\\\/progettotouring.it\\\/radiotouring104\\\/\",\"logo\":{\"@type\":\"ImageObject\",\"inLanguage\":\"it-IT\",\"@id\":\"https:\\\/\\\/progettotouring.it\\\/radiotouring104\\\/#\\\/schema\\\/logo\\\/image\\\/\",\"url\":\"https:\\\/\\\/progettotouring.it\\\/radiotouring104\\\/wp-content\\\/uploads\\\/sites\\\/6\\\/2022\\\/02\\\/cropped-logo-radio-touring-104.png\",\"contentUrl\":\"https:\\\/\\\/progettotouring.it\\\/radiotouring104\\\/wp-content\\\/uploads\\\/sites\\\/6\\\/2022\\\/02\\\/cropped-logo-radio-touring-104.png\",\"width\":377,\"height\":182,\"caption\":\"Radio Touring 104\"},\"image\":{\"@id\":\"https:\\\/\\\/progettotouring.it\\\/radiotouring104\\\/#\\\/schema\\\/logo\\\/image\\\/\"}},{\"@type\":\"Person\",\"@id\":\"https:\\\/\\\/progettotouring.it\\\/radiotouring104\\\/#\\\/schema\\\/person\\\/1b3eb3c07c47136bc44c785c543e635f\",\"name\":\"redazione\",\"image\":{\"@type\":\"ImageObject\",\"inLanguage\":\"it-IT\",\"@id\":\"https:\\\/\\\/secure.gravatar.com\\\/avatar\\\/0b31605b49f100769e8b624b3e05de1b73e1692e9568a352f60f53fd072e6e11?s=96&d=mm&r=g\",\"url\":\"https:\\\/\\\/secure.gravatar.com\\\/avatar\\\/0b31605b49f100769e8b624b3e05de1b73e1692e9568a352f60f53fd072e6e11?s=96&d=mm&r=g\",\"contentUrl\":\"https:\\\/\\\/secure.gravatar.com\\\/avatar\\\/0b31605b49f100769e8b624b3e05de1b73e1692e9568a352f60f53fd072e6e11?s=96&d=mm&r=g\",\"caption\":\"redazione\"},\"url\":\"https:\\\/\\\/progettotouring.it\\\/radiotouring104\\\/author\\\/redazione\\\/\"}]}<\/script>\n<!-- \/ Yoast SEO plugin. -->","yoast_head_json":{"title":"Trasporto Pubblico Locale, Gruppo Pd in Consiglio Regionale attacca: \"Per riforme cosi profonde, serve il coinvolgimento dei Territori\" - Radio Touring 104","description":"\"Regione sbaglia merito e metodo. Il rischio \u00e8 di approvare prima il nuovo contenitore societario e rinviare a dopo le scelte decisive\"","robots":{"index":"index","follow":"follow","max-snippet":"max-snippet:-1","max-image-preview":"max-image-preview:large","max-video-preview":"max-video-preview:-1"},"canonical":"https:\/\/progettotouring.it\/radiotouring104\/2026\/09\/04\/trasporto-pubblico-locale-gruppo-pd-in-consiglio-regionale-attacca-per-riforme-cosi-profonde-serve-il-coinvolgimento-dei-territori\/","og_locale":"it_IT","og_type":"article","og_title":"Trasporto Pubblico Locale, Gruppo Pd in Consiglio Regionale attacca: \"Per riforme cosi profonde, serve il coinvolgimento dei Territori\" - Radio Touring 104","og_description":"\"Regione sbaglia merito e metodo. Il rischio \u00e8 di approvare prima il nuovo contenitore societario e rinviare a dopo le scelte decisive\"","og_url":"https:\/\/progettotouring.it\/radiotouring104\/2026\/09\/04\/trasporto-pubblico-locale-gruppo-pd-in-consiglio-regionale-attacca-per-riforme-cosi-profonde-serve-il-coinvolgimento-dei-territori\/","og_site_name":"Radio Touring 104","article_published_time":"2026-09-04T09:49:11+00:00","article_modified_time":"2026-09-04T10:06:17+00:00","og_image":[{"width":2560,"height":2329,"url":"https:\/\/progettotouring.it\/radiotouring104\/wp-content\/uploads\/sites\/6\/2026\/09\/gruppo-pd-consiglio-regionale-calabria-1-scaled.jpg","type":"image\/jpeg"}],"author":"redazione","twitter_card":"summary_large_image","twitter_misc":{"Scritto da":"redazione","Tempo di lettura stimato":"3 minuti"},"schema":{"@context":"https:\/\/schema.org","@graph":[{"@type":"Article","@id":"https:\/\/progettotouring.it\/radiotouring104\/2026\/09\/04\/trasporto-pubblico-locale-gruppo-pd-in-consiglio-regionale-attacca-per-riforme-cosi-profonde-serve-il-coinvolgimento-dei-territori\/#article","isPartOf":{"@id":"https:\/\/progettotouring.it\/radiotouring104\/2026\/09\/04\/trasporto-pubblico-locale-gruppo-pd-in-consiglio-regionale-attacca-per-riforme-cosi-profonde-serve-il-coinvolgimento-dei-territori\/"},"author":{"name":"redazione","@id":"https:\/\/progettotouring.it\/radiotouring104\/#\/schema\/person\/1b3eb3c07c47136bc44c785c543e635f"},"headline":"Trasporto Pubblico Locale, Gruppo Pd in Consiglio Regionale attacca: &#8220;Per riforme cosi profonde, serve il coinvolgimento dei Territori&#8221;","datePublished":"2026-09-04T09:49:11+00:00","dateModified":"2026-09-04T10:06:17+00:00","mainEntityOfPage":{"@id":"https:\/\/progettotouring.it\/radiotouring104\/2026\/09\/04\/trasporto-pubblico-locale-gruppo-pd-in-consiglio-regionale-attacca-per-riforme-cosi-profonde-serve-il-coinvolgimento-dei-territori\/"},"wordCount":542,"publisher":{"@id":"https:\/\/progettotouring.it\/radiotouring104\/#organization"},"image":{"@id":"https:\/\/progettotouring.it\/radiotouring104\/2026\/09\/04\/trasporto-pubblico-locale-gruppo-pd-in-consiglio-regionale-attacca-per-riforme-cosi-profonde-serve-il-coinvolgimento-dei-territori\/#primaryimage"},"thumbnailUrl":"https:\/\/progettotouring.it\/radiotouring104\/wp-content\/uploads\/sites\/6\/2026\/09\/gruppo-pd-consiglio-regionale-calabria-1-scaled.jpg","keywords":["Consiglio regionale","Ernesto Alecci","Falcomat\u00e0 Giuseppe","giuseppe ranuccio","Gruppo Pd","merito","regione sbaglia metodo","serve coinvolgimento del territorio","Trasporto Pubblico locale"],"articleSection":["Calabria","Home","News","Reggio Calabria"],"inLanguage":"it-IT"},{"@type":"WebPage","@id":"https:\/\/progettotouring.it\/radiotouring104\/2026\/09\/04\/trasporto-pubblico-locale-gruppo-pd-in-consiglio-regionale-attacca-per-riforme-cosi-profonde-serve-il-coinvolgimento-dei-territori\/","url":"https:\/\/progettotouring.it\/radiotouring104\/2026\/09\/04\/trasporto-pubblico-locale-gruppo-pd-in-consiglio-regionale-attacca-per-riforme-cosi-profonde-serve-il-coinvolgimento-dei-territori\/","name":"Trasporto Pubblico Locale, Gruppo Pd in Consiglio Regionale attacca: \"Per riforme cosi profonde, serve il coinvolgimento dei Territori\" - Radio Touring 104","isPartOf":{"@id":"https:\/\/progettotouring.it\/radiotouring104\/#website"},"primaryImageOfPage":{"@id":"https:\/\/progettotouring.it\/radiotouring104\/2026\/09\/04\/trasporto-pubblico-locale-gruppo-pd-in-consiglio-regionale-attacca-per-riforme-cosi-profonde-serve-il-coinvolgimento-dei-territori\/#primaryimage"},"image":{"@id":"https:\/\/progettotouring.it\/radiotouring104\/2026\/09\/04\/trasporto-pubblico-locale-gruppo-pd-in-consiglio-regionale-attacca-per-riforme-cosi-profonde-serve-il-coinvolgimento-dei-territori\/#primaryimage"},"thumbnailUrl":"https:\/\/progettotouring.it\/radiotouring104\/wp-content\/uploads\/sites\/6\/2026\/09\/gruppo-pd-consiglio-regionale-calabria-1-scaled.jpg","datePublished":"2026-09-04T09:49:11+00:00","dateModified":"2026-09-04T10:06:17+00:00","description":"\"Regione sbaglia merito e metodo. Il rischio \u00e8 di approvare prima il nuovo contenitore societario e rinviare a dopo le scelte decisive\"","breadcrumb":{"@id":"https:\/\/progettotouring.it\/radiotouring104\/2026\/09\/04\/trasporto-pubblico-locale-gruppo-pd-in-consiglio-regionale-attacca-per-riforme-cosi-profonde-serve-il-coinvolgimento-dei-territori\/#breadcrumb"},"inLanguage":"it-IT","potentialAction":[{"@type":"ReadAction","target":["https:\/\/progettotouring.it\/radiotouring104\/2026\/09\/04\/trasporto-pubblico-locale-gruppo-pd-in-consiglio-regionale-attacca-per-riforme-cosi-profonde-serve-il-coinvolgimento-dei-territori\/"]}]},{"@type":"ImageObject","inLanguage":"it-IT","@id":"https:\/\/progettotouring.it\/radiotouring104\/2026\/09\/04\/trasporto-pubblico-locale-gruppo-pd-in-consiglio-regionale-attacca-per-riforme-cosi-profonde-serve-il-coinvolgimento-dei-territori\/#primaryimage","url":"https:\/\/progettotouring.it\/radiotouring104\/wp-content\/uploads\/sites\/6\/2026\/09\/gruppo-pd-consiglio-regionale-calabria-1-scaled.jpg","contentUrl":"https:\/\/progettotouring.it\/radiotouring104\/wp-content\/uploads\/sites\/6\/2026\/09\/gruppo-pd-consiglio-regionale-calabria-1-scaled.jpg","width":2560,"height":2329},{"@type":"BreadcrumbList","@id":"https:\/\/progettotouring.it\/radiotouring104\/2026\/09\/04\/trasporto-pubblico-locale-gruppo-pd-in-consiglio-regionale-attacca-per-riforme-cosi-profonde-serve-il-coinvolgimento-dei-territori\/#breadcrumb","itemListElement":[{"@type":"ListItem","position":1,"name":"Home","item":"https:\/\/progettotouring.it\/radiotouring104\/"},{"@type":"ListItem","position":2,"name":"Trasporto Pubblico Locale, Gruppo Pd in Consiglio Regionale attacca: &#8220;Per riforme cosi profonde, serve il coinvolgimento dei Territori&#8221;"}]},{"@type":"WebSite","@id":"https:\/\/progettotouring.it\/radiotouring104\/#website","url":"https:\/\/progettotouring.it\/radiotouring104\/","name":"Radio Touring 104","description":"La prima radio Reggina","publisher":{"@id":"https:\/\/progettotouring.it\/radiotouring104\/#organization"},"potentialAction":[{"@type":"SearchAction","target":{"@type":"EntryPoint","urlTemplate":"https:\/\/progettotouring.it\/radiotouring104\/?s={search_term_string}"},"query-input":{"@type":"PropertyValueSpecification","valueRequired":true,"valueName":"search_term_string"}}],"inLanguage":"it-IT"},{"@type":"Organization","@id":"https:\/\/progettotouring.it\/radiotouring104\/#organization","name":"Radio Touring 104","url":"https:\/\/progettotouring.it\/radiotouring104\/","logo":{"@type":"ImageObject","inLanguage":"it-IT","@id":"https:\/\/progettotouring.it\/radiotouring104\/#\/schema\/logo\/image\/","url":"https:\/\/progettotouring.it\/radiotouring104\/wp-content\/uploads\/sites\/6\/2022\/02\/cropped-logo-radio-touring-104.png","contentUrl":"https:\/\/progettotouring.it\/radiotouring104\/wp-content\/uploads\/sites\/6\/2022\/02\/cropped-logo-radio-touring-104.png","width":377,"height":182,"caption":"Radio Touring 104"},"image":{"@id":"https:\/\/progettotouring.it\/radiotouring104\/#\/schema\/logo\/image\/"}},{"@type":"Person","@id":"https:\/\/progettotouring.it\/radiotouring104\/#\/schema\/person\/1b3eb3c07c47136bc44c785c543e635f","name":"redazione","image":{"@type":"ImageObject","inLanguage":"it-IT","@id":"https:\/\/secure.gravatar.com\/avatar\/0b31605b49f100769e8b624b3e05de1b73e1692e9568a352f60f53fd072e6e11?s=96&d=mm&r=g","url":"https:\/\/secure.gravatar.com\/avatar\/0b31605b49f100769e8b624b3e05de1b73e1692e9568a352f60f53fd072e6e11?s=96&d=mm&r=g","contentUrl":"https:\/\/secure.gravatar.com\/avatar\/0b31605b49f100769e8b624b3e05de1b73e1692e9568a352f60f53fd072e6e11?s=96&d=mm&r=g","caption":"redazione"},"url":"https:\/\/progettotouring.it\/radiotouring104\/author\/redazione\/"}]}},"jetpack_publicize_connections":[],"jetpack_sharing_enabled":true,"jetpack_featured_media_url":"https:\/\/progettotouring.it\/radiotouring104\/wp-content\/uploads\/sites\/6\/2026\/09\/gruppo-pd-consiglio-regionale-calabria-1-scaled.jpg","_links":{"self":[{"href":"https:\/\/progettotouring.it\/radiotouring104\/wp-json\/wp\/v2\/posts\/99752","targetHints":{"allow":["GET"]}}],"collection":[{"href":"https:\/\/progettotouring.it\/radiotouring104\/wp-json\/wp\/v2\/posts"}],"about":[{"href":"https:\/\/progettotouring.it\/radiotouring104\/wp-json\/wp\/v2\/types\/post"}],"author":[{"embeddable":true,"href":"https:\/\/progettotouring.it\/radiotouring104\/wp-json\/wp\/v2\/users\/5"}],"replies":[{"embeddable":true,"href":"https:\/\/progettotouring.it\/radiotouring104\/wp-json\/wp\/v2\/comments?post=99752"}],"version-history":[{"count":1,"href":"https:\/\/progettotouring.it\/radiotouring104\/wp-json\/wp\/v2\/posts\/99752\/revisions"}],"predecessor-version":[{"id":99754,"href":"https:\/\/progettotouring.it\/radiotouring104\/wp-json\/wp\/v2\/posts\/99752\/revisions\/99754"}],"wp:featuredmedia":[{"embeddable":true,"href":"https:\/\/progettotouring.it\/radiotouring104\/wp-json\/wp\/v2\/media\/99753"}],"wp:attachment":[{"href":"https:\/\/progettotouring.it\/radiotouring104\/wp-json\/wp\/v2\/media?parent=99752"}],"wp:term":[{"taxonomy":"category","embeddable":true,"href":"https:\/\/progettotouring.it\/radiotouring104\/wp-json\/wp\/v2\/categories?post=99752"},{"taxonomy":"post_tag","embeddable":true,"href":"https:\/\/progettotouring.it\/radiotouring104\/wp-json\/wp\/v2\/tags?post=99752"}],"curies":[{"name":"wp","href":"https:\/\/api.w.org\/{rel}","templated":true}]}}