{"id":99758,"date":"2026-09-04T12:27:46","date_gmt":"2026-09-04T10:27:46","guid":{"rendered":"https:\/\/progettotouring.it\/radiotouring104\/?p=99758"},"modified":"2026-09-04T12:40:45","modified_gmt":"2026-09-04T10:40:45","slug":"dierre-marcone-pronto-per-questa-nuova-sfida","status":"publish","type":"post","link":"https:\/\/progettotouring.it\/radiotouring104\/2026\/09\/04\/dierre-marcone-pronto-per-questa-nuova-sfida\/","title":{"rendered":"Dierre, Marcone: &#8220;Pronto per questa nuova sfida&#8221;"},"content":{"rendered":"<p class=\"gmail-ds-markdown-paragraph\"><span class=\"gmail-\">Il nuovo playmaker della Dierre Basketball Reggio Calabria si presenta ai tifosi con grande entusiasmo e tanta voglia di fare bene in una citt\u00e0 che gi\u00e0 conosce e ama. Filippo Marcone \u00e8 ufficialmente un nuovo giocatore della Dierre Basketball Reggio Calabria. Il playmaker classe 2000, originario di Vigevano, torna a calcare i parquet reggini dopo una breve parentesi in passato con altra maglia, e lo fa con la consapevolezza di essere un tassello importante nel progetto ambizioso voluto da coach Dario Lo Storto e dalla societ\u00e0. &#8220;\u00c8 un piacere per me essere qui, essere tornato a Reggio Calabria che \u00e8 una bellissima citt\u00e0, ma soprattutto una bella piazza di pallacanestro&#8221;, ha dichiarato Marcone nel corso della sua prima presentazione. &#8220;Sono stato felicissimo di tornare qui e ho abbracciato subito questo progetto&#8221;.<\/span><\/p>\n<p class=\"gmail-ds-markdown-paragraph\"><span class=\"gmail-\">Il nuovo play della Dierre ha le idee chiare su ci\u00f2 che lo aspetta. Intervistato, ha raccontato di essere stato convinto dalla chiamata del coach e dalla seriet\u00e0 della societ\u00e0: &#8220;Penso che, innanzitutto, mi ha convinto quest&#8217;estate la chiamata del coach Dario, che mi ha convinto, e poi subito anche la societ\u00e0 Dierre mi ha convinto ad abbracciare questo progetto che \u00e8 ambizioso. Siamo ambiziosi e siamo contenti anche di rappresentare una piazza come Reggio Calabria&#8221;. Sulla sua integrazione nel gruppo, Marcone ha sottolineato il buon lavoro che si sta facendo nonostante le difficili condizioni climatiche: &#8220;Benissimo. Nonostante il caldo stiamo spingendo molto. \u00c8 un piacere anche per me allenarmi con un ragazzo e un giocatore come Valerio Costa (attualmente aggregato)che ci sta dando una grande mano. Stiamo mettendo dentro step by step tutte le varie cose che il coach ci indica&#8221;.<\/span><\/p>\n<p class=\"gmail-ds-markdown-paragraph\"><span class=\"gmail-\">Marcone \u00e8 un giocatore dinamico dalla spiccata personalit\u00e0, noto per le sue capacit\u00e0 realizzative e le incursioni in penetrazione che spesso mettono in difficolt\u00e0 le difese avversarie. La sua abilit\u00e0 negli anticipi difensivi e la pericolosit\u00e0 da oltre l&#8217;arco, con triple in step back che hanno risolto pi\u00f9 di una partita, lo rendono un finalizzatore di razza che coach Lo Storto potr\u00e0 utilizzare in pi\u00f9 ruoli. Alla domanda se vada sempre a &#8220;1000 all&#8217;ora&#8221;, il playmaker ha risposto con una certa maturit\u00e0: &#8220;Scesa nel senso che \u00e8 pi\u00f9 in controllo, nel senso che va gestito il ritmo. Quindi s\u00ec, si va intensi anche a 1000 all&#8217;ora, ma ci sono anche i momenti in cui bisogna rallentare&#8221;.<\/span><\/p>\n<p class=\"gmail-ds-markdown-paragraph\"><span class=\"gmail-\">Sul gruppo che si sta formando, Marcone si \u00e8 detto entusiasta: &#8220;Siamo un bel gruppo, siamo giovani, ma possiamo dire la nostra e sono sicuro che diremo la nostra. Ci stiamo preparando&#8221;. Un&#8217;impressione positiva confermata anche da chi lo ha accolto, come l&#8217;head coach Dario Lo Storto, che vede in Marcone un innesto di qualit\u00e0 ed esperienza per il roster a disposizione.<\/span><\/p>\n","protected":false},"excerpt":{"rendered":"<p>Il nuovo playmaker della Dierre Basketball Reggio Calabria si presenta ai tifosi con grande entusiasmo e tanta voglia di fare bene in una citt\u00e0 che gi\u00e0 conosce e ama. Filippo&hellip;<\/p>\n","protected":false},"author":5,"featured_media":99759,"comment_status":"closed","ping_status":"open","sticky":false,"template":"","format":"standard","meta":{"_jetpack_newsletter_access":"","_jetpack_dont_email_post_to_subs":false,"_jetpack_newsletter_tier_id":0,"_jetpack_memberships_contains_paywalled_content":false,"_jetpack_feature_clip_id":0,"_jetpack_memberships_contains_paid_content":false,"footnotes":"","jetpack_publicize_message":"","jetpack_publicize_feature_enabled":true,"jetpack_social_post_already_shared":true,"jetpack_social_options":{"image_generator_settings":{"template":"highway","default_image_id":0,"font":"","enabled":false},"version":2},"jetpack_post_was_ever_published":false},"categories":[196,140,144],"tags":[21256,55877,56308,56307],"class_list":["post-99758","post","type-post","status-publish","format-standard","has-post-thumbnail","hentry","category-news","category-reggio-calabria","category-sport","tag-dierre","tag-filippo-marcone","tag-playmaker-classe-2000","tag-pronto-per-questa-nuova-sfida"],"yoast_head":"<!-- This site is optimized with the Yoast SEO plugin v28.3 - https:\/\/yoast.com\/product\/yoast-seo-wordpress\/ -->\n<title>Dierre, Marcone: &quot;Pronto per questa nuova sfida&quot; - Radio Touring 104<\/title>\n<meta name=\"description\" content=\"&quot;Reggio Calabria \u00e8 una piazza speciale. La Societ\u00e0 mi ha convinto ad abbracciare questo progetto ambizioso&quot;, dichiara il playmaker biancobl\u00f9\" \/>\n<meta name=\"robots\" content=\"index, follow, max-snippet:-1, max-image-preview:large, max-video-preview:-1\" \/>\n<link rel=\"canonical\" href=\"https:\/\/progettotouring.it\/radiotouring104\/2026\/09\/04\/dierre-marcone-pronto-per-questa-nuova-sfida\/\" \/>\n<meta property=\"og:locale\" content=\"it_IT\" \/>\n<meta property=\"og:type\" content=\"article\" \/>\n<meta property=\"og:title\" content=\"Dierre, Marcone: &quot;Pronto per questa nuova sfida&quot; - Radio Touring 104\" \/>\n<meta property=\"og:description\" content=\"&quot;Reggio Calabria \u00e8 una piazza speciale. La Societ\u00e0 mi ha convinto ad abbracciare questo progetto ambizioso&quot;, dichiara il playmaker biancobl\u00f9\" \/>\n<meta property=\"og:url\" content=\"https:\/\/progettotouring.it\/radiotouring104\/2026\/09\/04\/dierre-marcone-pronto-per-questa-nuova-sfida\/\" \/>\n<meta property=\"og:site_name\" content=\"Radio Touring 104\" \/>\n<meta property=\"article:published_time\" content=\"2026-09-04T10:27:46+00:00\" \/>\n<meta property=\"article:modified_time\" content=\"2026-09-04T10:40:45+00:00\" \/>\n<meta property=\"og:image\" content=\"https:\/\/progettotouring.it\/radiotouring104\/wp-content\/uploads\/sites\/6\/2026\/09\/Filippo-Marcone-Playmaker-Dierre.png\" \/>\n\t<meta property=\"og:image:width\" content=\"1105\" \/>\n\t<meta property=\"og:image:height\" content=\"668\" \/>\n\t<meta property=\"og:image:type\" content=\"image\/png\" \/>\n<meta name=\"author\" content=\"redazione\" \/>\n<meta name=\"twitter:card\" content=\"summary_large_image\" \/>\n<meta name=\"twitter:label1\" content=\"Scritto da\" \/>\n\t<meta name=\"twitter:data1\" content=\"redazione\" \/>\n\t<meta name=\"twitter:label2\" content=\"Tempo di lettura stimato\" \/>\n\t<meta name=\"twitter:data2\" content=\"2 minuti\" \/>\n<script type=\"application\/ld+json\" class=\"yoast-schema-graph\">{\"@context\":\"https:\\\/\\\/schema.org\",\"@graph\":[{\"@type\":\"Article\",\"@id\":\"https:\\\/\\\/progettotouring.it\\\/radiotouring104\\\/2026\\\/09\\\/04\\\/dierre-marcone-pronto-per-questa-nuova-sfida\\\/#article\",\"isPartOf\":{\"@id\":\"https:\\\/\\\/progettotouring.it\\\/radiotouring104\\\/2026\\\/09\\\/04\\\/dierre-marcone-pronto-per-questa-nuova-sfida\\\/\"},\"author\":{\"name\":\"redazione\",\"@id\":\"https:\\\/\\\/progettotouring.it\\\/radiotouring104\\\/#\\\/schema\\\/person\\\/1b3eb3c07c47136bc44c785c543e635f\"},\"headline\":\"Dierre, Marcone: &#8220;Pronto per questa nuova sfida&#8221;\",\"datePublished\":\"2026-09-04T10:27:46+00:00\",\"dateModified\":\"2026-09-04T10:40:45+00:00\",\"mainEntityOfPage\":{\"@id\":\"https:\\\/\\\/progettotouring.it\\\/radiotouring104\\\/2026\\\/09\\\/04\\\/dierre-marcone-pronto-per-questa-nuova-sfida\\\/\"},\"wordCount\":448,\"publisher\":{\"@id\":\"https:\\\/\\\/progettotouring.it\\\/radiotouring104\\\/#organization\"},\"image\":{\"@id\":\"https:\\\/\\\/progettotouring.it\\\/radiotouring104\\\/2026\\\/09\\\/04\\\/dierre-marcone-pronto-per-questa-nuova-sfida\\\/#primaryimage\"},\"thumbnailUrl\":\"https:\\\/\\\/progettotouring.it\\\/radiotouring104\\\/wp-content\\\/uploads\\\/sites\\\/6\\\/2026\\\/09\\\/Filippo-Marcone-Playmaker-Dierre.png\",\"keywords\":[\"dierre\",\"Filippo Marcone\",\"playmaker classe 2000\",\"Pronto per questa nuova sfida\"],\"articleSection\":[\"News\",\"Reggio Calabria\",\"Sport\"],\"inLanguage\":\"it-IT\"},{\"@type\":\"WebPage\",\"@id\":\"https:\\\/\\\/progettotouring.it\\\/radiotouring104\\\/2026\\\/09\\\/04\\\/dierre-marcone-pronto-per-questa-nuova-sfida\\\/\",\"url\":\"https:\\\/\\\/progettotouring.it\\\/radiotouring104\\\/2026\\\/09\\\/04\\\/dierre-marcone-pronto-per-questa-nuova-sfida\\\/\",\"name\":\"Dierre, Marcone: \\\"Pronto per questa nuova sfida\\\" - Radio Touring 104\",\"isPartOf\":{\"@id\":\"https:\\\/\\\/progettotouring.it\\\/radiotouring104\\\/#website\"},\"primaryImageOfPage\":{\"@id\":\"https:\\\/\\\/progettotouring.it\\\/radiotouring104\\\/2026\\\/09\\\/04\\\/dierre-marcone-pronto-per-questa-nuova-sfida\\\/#primaryimage\"},\"image\":{\"@id\":\"https:\\\/\\\/progettotouring.it\\\/radiotouring104\\\/2026\\\/09\\\/04\\\/dierre-marcone-pronto-per-questa-nuova-sfida\\\/#primaryimage\"},\"thumbnailUrl\":\"https:\\\/\\\/progettotouring.it\\\/radiotouring104\\\/wp-content\\\/uploads\\\/sites\\\/6\\\/2026\\\/09\\\/Filippo-Marcone-Playmaker-Dierre.png\",\"datePublished\":\"2026-09-04T10:27:46+00:00\",\"dateModified\":\"2026-09-04T10:40:45+00:00\",\"description\":\"\\\"Reggio Calabria \u00e8 una piazza speciale. La Societ\u00e0 mi ha convinto ad abbracciare questo progetto ambizioso\\\", dichiara il playmaker biancobl\u00f9\",\"breadcrumb\":{\"@id\":\"https:\\\/\\\/progettotouring.it\\\/radiotouring104\\\/2026\\\/09\\\/04\\\/dierre-marcone-pronto-per-questa-nuova-sfida\\\/#breadcrumb\"},\"inLanguage\":\"it-IT\",\"potentialAction\":[{\"@type\":\"ReadAction\",\"target\":[\"https:\\\/\\\/progettotouring.it\\\/radiotouring104\\\/2026\\\/09\\\/04\\\/dierre-marcone-pronto-per-questa-nuova-sfida\\\/\"]}]},{\"@type\":\"ImageObject\",\"inLanguage\":\"it-IT\",\"@id\":\"https:\\\/\\\/progettotouring.it\\\/radiotouring104\\\/2026\\\/09\\\/04\\\/dierre-marcone-pronto-per-questa-nuova-sfida\\\/#primaryimage\",\"url\":\"https:\\\/\\\/progettotouring.it\\\/radiotouring104\\\/wp-content\\\/uploads\\\/sites\\\/6\\\/2026\\\/09\\\/Filippo-Marcone-Playmaker-Dierre.png\",\"contentUrl\":\"https:\\\/\\\/progettotouring.it\\\/radiotouring104\\\/wp-content\\\/uploads\\\/sites\\\/6\\\/2026\\\/09\\\/Filippo-Marcone-Playmaker-Dierre.png\",\"width\":1105,\"height\":668},{\"@type\":\"BreadcrumbList\",\"@id\":\"https:\\\/\\\/progettotouring.it\\\/radiotouring104\\\/2026\\\/09\\\/04\\\/dierre-marcone-pronto-per-questa-nuova-sfida\\\/#breadcrumb\",\"itemListElement\":[{\"@type\":\"ListItem\",\"position\":1,\"name\":\"Home\",\"item\":\"https:\\\/\\\/progettotouring.it\\\/radiotouring104\\\/\"},{\"@type\":\"ListItem\",\"position\":2,\"name\":\"Dierre, Marcone: &#8220;Pronto per questa nuova sfida&#8221;\"}]},{\"@type\":\"WebSite\",\"@id\":\"https:\\\/\\\/progettotouring.it\\\/radiotouring104\\\/#website\",\"url\":\"https:\\\/\\\/progettotouring.it\\\/radiotouring104\\\/\",\"name\":\"Radio Touring 104\",\"description\":\"La prima radio Reggina\",\"publisher\":{\"@id\":\"https:\\\/\\\/progettotouring.it\\\/radiotouring104\\\/#organization\"},\"potentialAction\":[{\"@type\":\"SearchAction\",\"target\":{\"@type\":\"EntryPoint\",\"urlTemplate\":\"https:\\\/\\\/progettotouring.it\\\/radiotouring104\\\/?s={search_term_string}\"},\"query-input\":{\"@type\":\"PropertyValueSpecification\",\"valueRequired\":true,\"valueName\":\"search_term_string\"}}],\"inLanguage\":\"it-IT\"},{\"@type\":\"Organization\",\"@id\":\"https:\\\/\\\/progettotouring.it\\\/radiotouring104\\\/#organization\",\"name\":\"Radio Touring 104\",\"url\":\"https:\\\/\\\/progettotouring.it\\\/radiotouring104\\\/\",\"logo\":{\"@type\":\"ImageObject\",\"inLanguage\":\"it-IT\",\"@id\":\"https:\\\/\\\/progettotouring.it\\\/radiotouring104\\\/#\\\/schema\\\/logo\\\/image\\\/\",\"url\":\"https:\\\/\\\/progettotouring.it\\\/radiotouring104\\\/wp-content\\\/uploads\\\/sites\\\/6\\\/2022\\\/02\\\/cropped-logo-radio-touring-104.png\",\"contentUrl\":\"https:\\\/\\\/progettotouring.it\\\/radiotouring104\\\/wp-content\\\/uploads\\\/sites\\\/6\\\/2022\\\/02\\\/cropped-logo-radio-touring-104.png\",\"width\":377,\"height\":182,\"caption\":\"Radio Touring 104\"},\"image\":{\"@id\":\"https:\\\/\\\/progettotouring.it\\\/radiotouring104\\\/#\\\/schema\\\/logo\\\/image\\\/\"}},{\"@type\":\"Person\",\"@id\":\"https:\\\/\\\/progettotouring.it\\\/radiotouring104\\\/#\\\/schema\\\/person\\\/1b3eb3c07c47136bc44c785c543e635f\",\"name\":\"redazione\",\"image\":{\"@type\":\"ImageObject\",\"inLanguage\":\"it-IT\",\"@id\":\"https:\\\/\\\/secure.gravatar.com\\\/avatar\\\/0b31605b49f100769e8b624b3e05de1b73e1692e9568a352f60f53fd072e6e11?s=96&d=mm&r=g\",\"url\":\"https:\\\/\\\/secure.gravatar.com\\\/avatar\\\/0b31605b49f100769e8b624b3e05de1b73e1692e9568a352f60f53fd072e6e11?s=96&d=mm&r=g\",\"contentUrl\":\"https:\\\/\\\/secure.gravatar.com\\\/avatar\\\/0b31605b49f100769e8b624b3e05de1b73e1692e9568a352f60f53fd072e6e11?s=96&d=mm&r=g\",\"caption\":\"redazione\"},\"url\":\"https:\\\/\\\/progettotouring.it\\\/radiotouring104\\\/author\\\/redazione\\\/\"}]}<\/script>\n<!-- \/ Yoast SEO plugin. -->","yoast_head_json":{"title":"Dierre, Marcone: \"Pronto per questa nuova sfida\" - Radio Touring 104","description":"\"Reggio Calabria \u00e8 una piazza speciale. La Societ\u00e0 mi ha convinto ad abbracciare questo progetto ambizioso\", dichiara il playmaker biancobl\u00f9","robots":{"index":"index","follow":"follow","max-snippet":"max-snippet:-1","max-image-preview":"max-image-preview:large","max-video-preview":"max-video-preview:-1"},"canonical":"https:\/\/progettotouring.it\/radiotouring104\/2026\/09\/04\/dierre-marcone-pronto-per-questa-nuova-sfida\/","og_locale":"it_IT","og_type":"article","og_title":"Dierre, Marcone: \"Pronto per questa nuova sfida\" - Radio Touring 104","og_description":"\"Reggio Calabria \u00e8 una piazza speciale. La Societ\u00e0 mi ha convinto ad abbracciare questo progetto ambizioso\", dichiara il playmaker biancobl\u00f9","og_url":"https:\/\/progettotouring.it\/radiotouring104\/2026\/09\/04\/dierre-marcone-pronto-per-questa-nuova-sfida\/","og_site_name":"Radio Touring 104","article_published_time":"2026-09-04T10:27:46+00:00","article_modified_time":"2026-09-04T10:40:45+00:00","og_image":[{"width":1105,"height":668,"url":"https:\/\/progettotouring.it\/radiotouring104\/wp-content\/uploads\/sites\/6\/2026\/09\/Filippo-Marcone-Playmaker-Dierre.png","type":"image\/png"}],"author":"redazione","twitter_card":"summary_large_image","twitter_misc":{"Scritto da":"redazione","Tempo di lettura stimato":"2 minuti"},"schema":{"@context":"https:\/\/schema.org","@graph":[{"@type":"Article","@id":"https:\/\/progettotouring.it\/radiotouring104\/2026\/09\/04\/dierre-marcone-pronto-per-questa-nuova-sfida\/#article","isPartOf":{"@id":"https:\/\/progettotouring.it\/radiotouring104\/2026\/09\/04\/dierre-marcone-pronto-per-questa-nuova-sfida\/"},"author":{"name":"redazione","@id":"https:\/\/progettotouring.it\/radiotouring104\/#\/schema\/person\/1b3eb3c07c47136bc44c785c543e635f"},"headline":"Dierre, Marcone: &#8220;Pronto per questa nuova sfida&#8221;","datePublished":"2026-09-04T10:27:46+00:00","dateModified":"2026-09-04T10:40:45+00:00","mainEntityOfPage":{"@id":"https:\/\/progettotouring.it\/radiotouring104\/2026\/09\/04\/dierre-marcone-pronto-per-questa-nuova-sfida\/"},"wordCount":448,"publisher":{"@id":"https:\/\/progettotouring.it\/radiotouring104\/#organization"},"image":{"@id":"https:\/\/progettotouring.it\/radiotouring104\/2026\/09\/04\/dierre-marcone-pronto-per-questa-nuova-sfida\/#primaryimage"},"thumbnailUrl":"https:\/\/progettotouring.it\/radiotouring104\/wp-content\/uploads\/sites\/6\/2026\/09\/Filippo-Marcone-Playmaker-Dierre.png","keywords":["dierre","Filippo Marcone","playmaker classe 2000","Pronto per questa nuova sfida"],"articleSection":["News","Reggio Calabria","Sport"],"inLanguage":"it-IT"},{"@type":"WebPage","@id":"https:\/\/progettotouring.it\/radiotouring104\/2026\/09\/04\/dierre-marcone-pronto-per-questa-nuova-sfida\/","url":"https:\/\/progettotouring.it\/radiotouring104\/2026\/09\/04\/dierre-marcone-pronto-per-questa-nuova-sfida\/","name":"Dierre, Marcone: \"Pronto per questa nuova sfida\" - Radio Touring 104","isPartOf":{"@id":"https:\/\/progettotouring.it\/radiotouring104\/#website"},"primaryImageOfPage":{"@id":"https:\/\/progettotouring.it\/radiotouring104\/2026\/09\/04\/dierre-marcone-pronto-per-questa-nuova-sfida\/#primaryimage"},"image":{"@id":"https:\/\/progettotouring.it\/radiotouring104\/2026\/09\/04\/dierre-marcone-pronto-per-questa-nuova-sfida\/#primaryimage"},"thumbnailUrl":"https:\/\/progettotouring.it\/radiotouring104\/wp-content\/uploads\/sites\/6\/2026\/09\/Filippo-Marcone-Playmaker-Dierre.png","datePublished":"2026-09-04T10:27:46+00:00","dateModified":"2026-09-04T10:40:45+00:00","description":"\"Reggio Calabria \u00e8 una piazza speciale. La Societ\u00e0 mi ha convinto ad abbracciare questo progetto ambizioso\", dichiara il playmaker biancobl\u00f9","breadcrumb":{"@id":"https:\/\/progettotouring.it\/radiotouring104\/2026\/09\/04\/dierre-marcone-pronto-per-questa-nuova-sfida\/#breadcrumb"},"inLanguage":"it-IT","potentialAction":[{"@type":"ReadAction","target":["https:\/\/progettotouring.it\/radiotouring104\/2026\/09\/04\/dierre-marcone-pronto-per-questa-nuova-sfida\/"]}]},{"@type":"ImageObject","inLanguage":"it-IT","@id":"https:\/\/progettotouring.it\/radiotouring104\/2026\/09\/04\/dierre-marcone-pronto-per-questa-nuova-sfida\/#primaryimage","url":"https:\/\/progettotouring.it\/radiotouring104\/wp-content\/uploads\/sites\/6\/2026\/09\/Filippo-Marcone-Playmaker-Dierre.png","contentUrl":"https:\/\/progettotouring.it\/radiotouring104\/wp-content\/uploads\/sites\/6\/2026\/09\/Filippo-Marcone-Playmaker-Dierre.png","width":1105,"height":668},{"@type":"BreadcrumbList","@id":"https:\/\/progettotouring.it\/radiotouring104\/2026\/09\/04\/dierre-marcone-pronto-per-questa-nuova-sfida\/#breadcrumb","itemListElement":[{"@type":"ListItem","position":1,"name":"Home","item":"https:\/\/progettotouring.it\/radiotouring104\/"},{"@type":"ListItem","position":2,"name":"Dierre, Marcone: &#8220;Pronto per questa nuova sfida&#8221;"}]},{"@type":"WebSite","@id":"https:\/\/progettotouring.it\/radiotouring104\/#website","url":"https:\/\/progettotouring.it\/radiotouring104\/","name":"Radio Touring 104","description":"La prima radio Reggina","publisher":{"@id":"https:\/\/progettotouring.it\/radiotouring104\/#organization"},"potentialAction":[{"@type":"SearchAction","target":{"@type":"EntryPoint","urlTemplate":"https:\/\/progettotouring.it\/radiotouring104\/?s={search_term_string}"},"query-input":{"@type":"PropertyValueSpecification","valueRequired":true,"valueName":"search_term_string"}}],"inLanguage":"it-IT"},{"@type":"Organization","@id":"https:\/\/progettotouring.it\/radiotouring104\/#organization","name":"Radio Touring 104","url":"https:\/\/progettotouring.it\/radiotouring104\/","logo":{"@type":"ImageObject","inLanguage":"it-IT","@id":"https:\/\/progettotouring.it\/radiotouring104\/#\/schema\/logo\/image\/","url":"https:\/\/progettotouring.it\/radiotouring104\/wp-content\/uploads\/sites\/6\/2022\/02\/cropped-logo-radio-touring-104.png","contentUrl":"https:\/\/progettotouring.it\/radiotouring104\/wp-content\/uploads\/sites\/6\/2022\/02\/cropped-logo-radio-touring-104.png","width":377,"height":182,"caption":"Radio Touring 104"},"image":{"@id":"https:\/\/progettotouring.it\/radiotouring104\/#\/schema\/logo\/image\/"}},{"@type":"Person","@id":"https:\/\/progettotouring.it\/radiotouring104\/#\/schema\/person\/1b3eb3c07c47136bc44c785c543e635f","name":"redazione","image":{"@type":"ImageObject","inLanguage":"it-IT","@id":"https:\/\/secure.gravatar.com\/avatar\/0b31605b49f100769e8b624b3e05de1b73e1692e9568a352f60f53fd072e6e11?s=96&d=mm&r=g","url":"https:\/\/secure.gravatar.com\/avatar\/0b31605b49f100769e8b624b3e05de1b73e1692e9568a352f60f53fd072e6e11?s=96&d=mm&r=g","contentUrl":"https:\/\/secure.gravatar.com\/avatar\/0b31605b49f100769e8b624b3e05de1b73e1692e9568a352f60f53fd072e6e11?s=96&d=mm&r=g","caption":"redazione"},"url":"https:\/\/progettotouring.it\/radiotouring104\/author\/redazione\/"}]}},"jetpack_publicize_connections":[],"jetpack_sharing_enabled":true,"jetpack_featured_media_url":"https:\/\/progettotouring.it\/radiotouring104\/wp-content\/uploads\/sites\/6\/2026\/09\/Filippo-Marcone-Playmaker-Dierre.png","_links":{"self":[{"href":"https:\/\/progettotouring.it\/radiotouring104\/wp-json\/wp\/v2\/posts\/99758","targetHints":{"allow":["GET"]}}],"collection":[{"href":"https:\/\/progettotouring.it\/radiotouring104\/wp-json\/wp\/v2\/posts"}],"about":[{"href":"https:\/\/progettotouring.it\/radiotouring104\/wp-json\/wp\/v2\/types\/post"}],"author":[{"embeddable":true,"href":"https:\/\/progettotouring.it\/radiotouring104\/wp-json\/wp\/v2\/users\/5"}],"replies":[{"embeddable":true,"href":"https:\/\/progettotouring.it\/radiotouring104\/wp-json\/wp\/v2\/comments?post=99758"}],"version-history":[{"count":1,"href":"https:\/\/progettotouring.it\/radiotouring104\/wp-json\/wp\/v2\/posts\/99758\/revisions"}],"predecessor-version":[{"id":99760,"href":"https:\/\/progettotouring.it\/radiotouring104\/wp-json\/wp\/v2\/posts\/99758\/revisions\/99760"}],"wp:featuredmedia":[{"embeddable":true,"href":"https:\/\/progettotouring.it\/radiotouring104\/wp-json\/wp\/v2\/media\/99759"}],"wp:attachment":[{"href":"https:\/\/progettotouring.it\/radiotouring104\/wp-json\/wp\/v2\/media?parent=99758"}],"wp:term":[{"taxonomy":"category","embeddable":true,"href":"https:\/\/progettotouring.it\/radiotouring104\/wp-json\/wp\/v2\/categories?post=99758"},{"taxonomy":"post_tag","embeddable":true,"href":"https:\/\/progettotouring.it\/radiotouring104\/wp-json\/wp\/v2\/tags?post=99758"}],"curies":[{"name":"wp","href":"https:\/\/api.w.org\/{rel}","templated":true}]}}