{"id":99764,"date":"2026-09-04T17:01:14","date_gmt":"2026-09-04T15:01:14","guid":{"rendered":"https:\/\/progettotouring.it\/radiotouring104\/?p=99764"},"modified":"2026-09-04T17:01:14","modified_gmt":"2026-09-04T15:01:14","slug":"domotek-volley-dopo-il-caldo-estivo-si-pensa-gia-a-riscaldare-il-palazzetto","status":"publish","type":"post","link":"https:\/\/progettotouring.it\/radiotouring104\/2026\/09\/04\/domotek-volley-dopo-il-caldo-estivo-si-pensa-gia-a-riscaldare-il-palazzetto\/","title":{"rendered":"Domotek Volley: dopo il caldo estivo si pensa gi\u00e0 a riscaldare il palazzetto"},"content":{"rendered":"<p class=\"gmail-p1\">La Domotek Volley riapre le porte del palazzetto e da ufficialmente il via alla la nuova stagione pallavolistica. \u00a0Tra i grandi ritorni ritroviamo <b>Luca Presta<\/b>, centrale e uomo-simbolo di questa squadra.<\/p>\n<p class=\"gmail-p1\">La Domotek ha diffuso le dichiarazioni del centrale, che al termine dei primi allenamenti con il suo sorriso racconta di un gruppo che, nonostante i cambiamenti, ha gi\u00e0 voglia di ricominciare.<\/p>\n<p class=\"gmail-p1\"><strong><em>\u201cSono stato a Pescara con la mia ragazza e un po&#8217; a casa, a Belvedere&#8221;. Una pausa rigenerante, con una scoperta: &#8220;Pescara per certi versi ha tantissime cose molto simili a Reggio. Un bel posto, mi ha fatto sentire a casa&#8221;.<\/em><\/strong><\/p>\n<p class=\"gmail-p1\">Anche se sono trascorsi pochi giorni dall&#8217;inizio della preparazione Presta si mostra cauto ma fiducioso: &#8220;<em><strong>Sono i primi giorni, sicuramente. Abbiamo un gruppo di ragazzi giovani e ragazzi esperti. Stiamo bene insieme, si vede gi\u00e0 dall\u2019inizio \u2013 spiega \u2013 per\u00f2 \u00e8 ancora presto per vedere un po&#8217; di pi\u00f9&#8221;.<\/strong><\/em><\/p>\n<p class=\"gmail-p1\">Un messaggio chiaro e diretto l&#8217;individualit\u00e0 conta fino a un certo punto: &#8220;<strong><em>La cosa importante deve essere la squadra, stare bene in campo. Non \u00e8 importante creare il gruppo per il gruppo stesso, ma essere squadra. Secondo me \u00e8 molto pi\u00f9 importante la squadra&#8221;.<\/em><\/strong><\/p>\n<p class=\"gmail-p1\">Un ulteriore sguardo va al girone unico, che il centrale conosce bene e sa che non sar\u00e0 semplice affrontarlo: <strong><em>&#8220;Il campionato \u00e8 sicuramente di alto livello, pi\u00f9 fisico e pi\u00f9 tecnico. Per noi la cosa importante deve essere guardare in primis nel nostro rettangolo. Cercare di fare una buona pallavolo, mettere in campo ci\u00f2 che facciamo durante la settimana. E poi il resto sar\u00e0 tutto riguadagnato&#8221;.<\/em><\/strong><\/p>\n<p class=\"gmail-p1\">Nonostante i traguardi raggiunti, come lo storico triplete che ha acceso la citt\u00e0 e i tifosi,\u00a0 per questo inizio la Domotek ha una sola parola d&#8217;ordine: resettare.<\/p>\n<p class=\"gmail-p1\">La Domotek ha addirittura realizzato un documentario sugli exploit passati, ma Presta frena gli entusiasmi: &#8220;<strong><em>Pensarci \u00e8 bello, ci pensiamo, ecco. Ma \u00e8 il passato. Quello che dobbiamo fare adesso \u00e8 pensare al presente, resettare tutto. Ovviamente un pensiero ci va sempre, perch\u00e9 fare un triplete in quel modo non \u00e8 da tutti, per\u00f2 ora serve altro&#8221;.<\/em><\/strong><\/p>\n<p>Il campionato \u00e8 alle porte e non rimane altro che riaccendere l&#8217;entusiasmo e riempire il Palazzetto<\/p>\n","protected":false},"excerpt":{"rendered":"<p>La Domotek Volley riapre le porte del palazzetto e da ufficialmente il via alla la nuova stagione pallavolistica. \u00a0Tra i grandi ritorni ritroviamo Luca Presta, centrale e uomo-simbolo di questa&hellip;<\/p>\n","protected":false},"author":23,"featured_media":99766,"comment_status":"closed","ping_status":"open","sticky":false,"template":"","format":"standard","meta":{"_jetpack_newsletter_access":"","_jetpack_dont_email_post_to_subs":false,"_jetpack_newsletter_tier_id":0,"_jetpack_memberships_contains_paywalled_content":false,"_jetpack_feature_clip_id":0,"_jetpack_memberships_contains_paid_content":false,"footnotes":"","jetpack_publicize_message":"","jetpack_publicize_feature_enabled":true,"jetpack_social_post_already_shared":true,"jetpack_social_options":{"image_generator_settings":{"template":"highway","default_image_id":0,"font":"","enabled":false},"version":2},"jetpack_post_was_ever_published":false},"categories":[196,140,144],"tags":[],"class_list":["post-99764","post","type-post","status-publish","format-standard","has-post-thumbnail","hentry","category-news","category-reggio-calabria","category-sport"],"yoast_head":"<!-- This site is optimized with the Yoast SEO plugin v28.3 - https:\/\/yoast.com\/product\/yoast-seo-wordpress\/ -->\n<title>Domotek Volley: dopo il caldo estivo si pensa gi\u00e0 a riscaldare il palazzetto - Radio Touring 104<\/title>\n<meta name=\"robots\" content=\"index, follow, max-snippet:-1, max-image-preview:large, max-video-preview:-1\" \/>\n<link rel=\"canonical\" href=\"https:\/\/progettotouring.it\/radiotouring104\/2026\/09\/04\/domotek-volley-dopo-il-caldo-estivo-si-pensa-gia-a-riscaldare-il-palazzetto\/\" \/>\n<meta property=\"og:locale\" content=\"it_IT\" \/>\n<meta property=\"og:type\" content=\"article\" \/>\n<meta property=\"og:title\" content=\"Domotek Volley: dopo il caldo estivo si pensa gi\u00e0 a riscaldare il palazzetto - Radio Touring 104\" \/>\n<meta property=\"og:description\" content=\"La Domotek Volley riapre le porte del palazzetto e da ufficialmente il via alla la nuova stagione pallavolistica. \u00a0Tra i grandi ritorni ritroviamo Luca Presta, centrale e uomo-simbolo di questa&hellip;\" \/>\n<meta property=\"og:url\" content=\"https:\/\/progettotouring.it\/radiotouring104\/2026\/09\/04\/domotek-volley-dopo-il-caldo-estivo-si-pensa-gia-a-riscaldare-il-palazzetto\/\" \/>\n<meta property=\"og:site_name\" content=\"Radio Touring 104\" \/>\n<meta property=\"article:published_time\" content=\"2026-09-04T15:01:14+00:00\" \/>\n<meta property=\"og:image\" content=\"https:\/\/progettotouring.it\/radiotouring104\/wp-content\/uploads\/sites\/6\/2026\/09\/images.jpeg\" \/>\n\t<meta property=\"og:image:width\" content=\"738\" \/>\n\t<meta property=\"og:image:height\" content=\"416\" \/>\n\t<meta property=\"og:image:type\" content=\"image\/jpeg\" \/>\n<meta name=\"author\" content=\"Isabella Palamara\" \/>\n<meta name=\"twitter:card\" content=\"summary_large_image\" \/>\n<meta name=\"twitter:label1\" content=\"Scritto da\" \/>\n\t<meta name=\"twitter:data1\" content=\"Isabella Palamara\" \/>\n\t<meta name=\"twitter:label2\" content=\"Tempo di lettura stimato\" \/>\n\t<meta name=\"twitter:data2\" content=\"2 minuti\" \/>\n<script type=\"application\/ld+json\" class=\"yoast-schema-graph\">{\"@context\":\"https:\\\/\\\/schema.org\",\"@graph\":[{\"@type\":\"Article\",\"@id\":\"https:\\\/\\\/progettotouring.it\\\/radiotouring104\\\/2026\\\/09\\\/04\\\/domotek-volley-dopo-il-caldo-estivo-si-pensa-gia-a-riscaldare-il-palazzetto\\\/#article\",\"isPartOf\":{\"@id\":\"https:\\\/\\\/progettotouring.it\\\/radiotouring104\\\/2026\\\/09\\\/04\\\/domotek-volley-dopo-il-caldo-estivo-si-pensa-gia-a-riscaldare-il-palazzetto\\\/\"},\"author\":{\"name\":\"Isabella Palamara\",\"@id\":\"https:\\\/\\\/progettotouring.it\\\/radiotouring104\\\/#\\\/schema\\\/person\\\/92dd4a2e5429171c85110a1ce1eecd09\"},\"headline\":\"Domotek Volley: dopo il caldo estivo si pensa gi\u00e0 a riscaldare il palazzetto\",\"datePublished\":\"2026-09-04T15:01:14+00:00\",\"mainEntityOfPage\":{\"@id\":\"https:\\\/\\\/progettotouring.it\\\/radiotouring104\\\/2026\\\/09\\\/04\\\/domotek-volley-dopo-il-caldo-estivo-si-pensa-gia-a-riscaldare-il-palazzetto\\\/\"},\"wordCount\":365,\"publisher\":{\"@id\":\"https:\\\/\\\/progettotouring.it\\\/radiotouring104\\\/#organization\"},\"image\":{\"@id\":\"https:\\\/\\\/progettotouring.it\\\/radiotouring104\\\/2026\\\/09\\\/04\\\/domotek-volley-dopo-il-caldo-estivo-si-pensa-gia-a-riscaldare-il-palazzetto\\\/#primaryimage\"},\"thumbnailUrl\":\"https:\\\/\\\/progettotouring.it\\\/radiotouring104\\\/wp-content\\\/uploads\\\/sites\\\/6\\\/2026\\\/09\\\/images.jpeg\",\"articleSection\":[\"News\",\"Reggio Calabria\",\"Sport\"],\"inLanguage\":\"it-IT\"},{\"@type\":\"WebPage\",\"@id\":\"https:\\\/\\\/progettotouring.it\\\/radiotouring104\\\/2026\\\/09\\\/04\\\/domotek-volley-dopo-il-caldo-estivo-si-pensa-gia-a-riscaldare-il-palazzetto\\\/\",\"url\":\"https:\\\/\\\/progettotouring.it\\\/radiotouring104\\\/2026\\\/09\\\/04\\\/domotek-volley-dopo-il-caldo-estivo-si-pensa-gia-a-riscaldare-il-palazzetto\\\/\",\"name\":\"Domotek Volley: dopo il caldo estivo si pensa gi\u00e0 a riscaldare il palazzetto - Radio Touring 104\",\"isPartOf\":{\"@id\":\"https:\\\/\\\/progettotouring.it\\\/radiotouring104\\\/#website\"},\"primaryImageOfPage\":{\"@id\":\"https:\\\/\\\/progettotouring.it\\\/radiotouring104\\\/2026\\\/09\\\/04\\\/domotek-volley-dopo-il-caldo-estivo-si-pensa-gia-a-riscaldare-il-palazzetto\\\/#primaryimage\"},\"image\":{\"@id\":\"https:\\\/\\\/progettotouring.it\\\/radiotouring104\\\/2026\\\/09\\\/04\\\/domotek-volley-dopo-il-caldo-estivo-si-pensa-gia-a-riscaldare-il-palazzetto\\\/#primaryimage\"},\"thumbnailUrl\":\"https:\\\/\\\/progettotouring.it\\\/radiotouring104\\\/wp-content\\\/uploads\\\/sites\\\/6\\\/2026\\\/09\\\/images.jpeg\",\"datePublished\":\"2026-09-04T15:01:14+00:00\",\"breadcrumb\":{\"@id\":\"https:\\\/\\\/progettotouring.it\\\/radiotouring104\\\/2026\\\/09\\\/04\\\/domotek-volley-dopo-il-caldo-estivo-si-pensa-gia-a-riscaldare-il-palazzetto\\\/#breadcrumb\"},\"inLanguage\":\"it-IT\",\"potentialAction\":[{\"@type\":\"ReadAction\",\"target\":[\"https:\\\/\\\/progettotouring.it\\\/radiotouring104\\\/2026\\\/09\\\/04\\\/domotek-volley-dopo-il-caldo-estivo-si-pensa-gia-a-riscaldare-il-palazzetto\\\/\"]}]},{\"@type\":\"ImageObject\",\"inLanguage\":\"it-IT\",\"@id\":\"https:\\\/\\\/progettotouring.it\\\/radiotouring104\\\/2026\\\/09\\\/04\\\/domotek-volley-dopo-il-caldo-estivo-si-pensa-gia-a-riscaldare-il-palazzetto\\\/#primaryimage\",\"url\":\"https:\\\/\\\/progettotouring.it\\\/radiotouring104\\\/wp-content\\\/uploads\\\/sites\\\/6\\\/2026\\\/09\\\/images.jpeg\",\"contentUrl\":\"https:\\\/\\\/progettotouring.it\\\/radiotouring104\\\/wp-content\\\/uploads\\\/sites\\\/6\\\/2026\\\/09\\\/images.jpeg\",\"width\":738,\"height\":416},{\"@type\":\"BreadcrumbList\",\"@id\":\"https:\\\/\\\/progettotouring.it\\\/radiotouring104\\\/2026\\\/09\\\/04\\\/domotek-volley-dopo-il-caldo-estivo-si-pensa-gia-a-riscaldare-il-palazzetto\\\/#breadcrumb\",\"itemListElement\":[{\"@type\":\"ListItem\",\"position\":1,\"name\":\"Home\",\"item\":\"https:\\\/\\\/progettotouring.it\\\/radiotouring104\\\/\"},{\"@type\":\"ListItem\",\"position\":2,\"name\":\"Domotek Volley: dopo il caldo estivo si pensa gi\u00e0 a riscaldare il palazzetto\"}]},{\"@type\":\"WebSite\",\"@id\":\"https:\\\/\\\/progettotouring.it\\\/radiotouring104\\\/#website\",\"url\":\"https:\\\/\\\/progettotouring.it\\\/radiotouring104\\\/\",\"name\":\"Radio Touring 104\",\"description\":\"La prima radio Reggina\",\"publisher\":{\"@id\":\"https:\\\/\\\/progettotouring.it\\\/radiotouring104\\\/#organization\"},\"potentialAction\":[{\"@type\":\"SearchAction\",\"target\":{\"@type\":\"EntryPoint\",\"urlTemplate\":\"https:\\\/\\\/progettotouring.it\\\/radiotouring104\\\/?s={search_term_string}\"},\"query-input\":{\"@type\":\"PropertyValueSpecification\",\"valueRequired\":true,\"valueName\":\"search_term_string\"}}],\"inLanguage\":\"it-IT\"},{\"@type\":\"Organization\",\"@id\":\"https:\\\/\\\/progettotouring.it\\\/radiotouring104\\\/#organization\",\"name\":\"Radio Touring 104\",\"url\":\"https:\\\/\\\/progettotouring.it\\\/radiotouring104\\\/\",\"logo\":{\"@type\":\"ImageObject\",\"inLanguage\":\"it-IT\",\"@id\":\"https:\\\/\\\/progettotouring.it\\\/radiotouring104\\\/#\\\/schema\\\/logo\\\/image\\\/\",\"url\":\"https:\\\/\\\/progettotouring.it\\\/radiotouring104\\\/wp-content\\\/uploads\\\/sites\\\/6\\\/2022\\\/02\\\/cropped-logo-radio-touring-104.png\",\"contentUrl\":\"https:\\\/\\\/progettotouring.it\\\/radiotouring104\\\/wp-content\\\/uploads\\\/sites\\\/6\\\/2022\\\/02\\\/cropped-logo-radio-touring-104.png\",\"width\":377,\"height\":182,\"caption\":\"Radio Touring 104\"},\"image\":{\"@id\":\"https:\\\/\\\/progettotouring.it\\\/radiotouring104\\\/#\\\/schema\\\/logo\\\/image\\\/\"}},{\"@type\":\"Person\",\"@id\":\"https:\\\/\\\/progettotouring.it\\\/radiotouring104\\\/#\\\/schema\\\/person\\\/92dd4a2e5429171c85110a1ce1eecd09\",\"name\":\"Isabella Palamara\",\"image\":{\"@type\":\"ImageObject\",\"inLanguage\":\"it-IT\",\"@id\":\"https:\\\/\\\/secure.gravatar.com\\\/avatar\\\/dd734916cd3d10771e0d86bdaa07a7d3d2e3720e11de916d6d7cc340797c4adf?s=96&d=mm&r=g\",\"url\":\"https:\\\/\\\/secure.gravatar.com\\\/avatar\\\/dd734916cd3d10771e0d86bdaa07a7d3d2e3720e11de916d6d7cc340797c4adf?s=96&d=mm&r=g\",\"contentUrl\":\"https:\\\/\\\/secure.gravatar.com\\\/avatar\\\/dd734916cd3d10771e0d86bdaa07a7d3d2e3720e11de916d6d7cc340797c4adf?s=96&d=mm&r=g\",\"caption\":\"Isabella Palamara\"},\"url\":\"https:\\\/\\\/progettotouring.it\\\/radiotouring104\\\/author\\\/isabella\\\/\"}]}<\/script>\n<!-- \/ Yoast SEO plugin. -->","yoast_head_json":{"title":"Domotek Volley: dopo il caldo estivo si pensa gi\u00e0 a riscaldare il palazzetto - Radio Touring 104","robots":{"index":"index","follow":"follow","max-snippet":"max-snippet:-1","max-image-preview":"max-image-preview:large","max-video-preview":"max-video-preview:-1"},"canonical":"https:\/\/progettotouring.it\/radiotouring104\/2026\/09\/04\/domotek-volley-dopo-il-caldo-estivo-si-pensa-gia-a-riscaldare-il-palazzetto\/","og_locale":"it_IT","og_type":"article","og_title":"Domotek Volley: dopo il caldo estivo si pensa gi\u00e0 a riscaldare il palazzetto - Radio Touring 104","og_description":"La Domotek Volley riapre le porte del palazzetto e da ufficialmente il via alla la nuova stagione pallavolistica. \u00a0Tra i grandi ritorni ritroviamo Luca Presta, centrale e uomo-simbolo di questa&hellip;","og_url":"https:\/\/progettotouring.it\/radiotouring104\/2026\/09\/04\/domotek-volley-dopo-il-caldo-estivo-si-pensa-gia-a-riscaldare-il-palazzetto\/","og_site_name":"Radio Touring 104","article_published_time":"2026-09-04T15:01:14+00:00","og_image":[{"width":738,"height":416,"url":"https:\/\/progettotouring.it\/radiotouring104\/wp-content\/uploads\/sites\/6\/2026\/09\/images.jpeg","type":"image\/jpeg"}],"author":"Isabella Palamara","twitter_card":"summary_large_image","twitter_misc":{"Scritto da":"Isabella Palamara","Tempo di lettura stimato":"2 minuti"},"schema":{"@context":"https:\/\/schema.org","@graph":[{"@type":"Article","@id":"https:\/\/progettotouring.it\/radiotouring104\/2026\/09\/04\/domotek-volley-dopo-il-caldo-estivo-si-pensa-gia-a-riscaldare-il-palazzetto\/#article","isPartOf":{"@id":"https:\/\/progettotouring.it\/radiotouring104\/2026\/09\/04\/domotek-volley-dopo-il-caldo-estivo-si-pensa-gia-a-riscaldare-il-palazzetto\/"},"author":{"name":"Isabella Palamara","@id":"https:\/\/progettotouring.it\/radiotouring104\/#\/schema\/person\/92dd4a2e5429171c85110a1ce1eecd09"},"headline":"Domotek Volley: dopo il caldo estivo si pensa gi\u00e0 a riscaldare il palazzetto","datePublished":"2026-09-04T15:01:14+00:00","mainEntityOfPage":{"@id":"https:\/\/progettotouring.it\/radiotouring104\/2026\/09\/04\/domotek-volley-dopo-il-caldo-estivo-si-pensa-gia-a-riscaldare-il-palazzetto\/"},"wordCount":365,"publisher":{"@id":"https:\/\/progettotouring.it\/radiotouring104\/#organization"},"image":{"@id":"https:\/\/progettotouring.it\/radiotouring104\/2026\/09\/04\/domotek-volley-dopo-il-caldo-estivo-si-pensa-gia-a-riscaldare-il-palazzetto\/#primaryimage"},"thumbnailUrl":"https:\/\/progettotouring.it\/radiotouring104\/wp-content\/uploads\/sites\/6\/2026\/09\/images.jpeg","articleSection":["News","Reggio Calabria","Sport"],"inLanguage":"it-IT"},{"@type":"WebPage","@id":"https:\/\/progettotouring.it\/radiotouring104\/2026\/09\/04\/domotek-volley-dopo-il-caldo-estivo-si-pensa-gia-a-riscaldare-il-palazzetto\/","url":"https:\/\/progettotouring.it\/radiotouring104\/2026\/09\/04\/domotek-volley-dopo-il-caldo-estivo-si-pensa-gia-a-riscaldare-il-palazzetto\/","name":"Domotek Volley: dopo il caldo estivo si pensa gi\u00e0 a riscaldare il palazzetto - Radio Touring 104","isPartOf":{"@id":"https:\/\/progettotouring.it\/radiotouring104\/#website"},"primaryImageOfPage":{"@id":"https:\/\/progettotouring.it\/radiotouring104\/2026\/09\/04\/domotek-volley-dopo-il-caldo-estivo-si-pensa-gia-a-riscaldare-il-palazzetto\/#primaryimage"},"image":{"@id":"https:\/\/progettotouring.it\/radiotouring104\/2026\/09\/04\/domotek-volley-dopo-il-caldo-estivo-si-pensa-gia-a-riscaldare-il-palazzetto\/#primaryimage"},"thumbnailUrl":"https:\/\/progettotouring.it\/radiotouring104\/wp-content\/uploads\/sites\/6\/2026\/09\/images.jpeg","datePublished":"2026-09-04T15:01:14+00:00","breadcrumb":{"@id":"https:\/\/progettotouring.it\/radiotouring104\/2026\/09\/04\/domotek-volley-dopo-il-caldo-estivo-si-pensa-gia-a-riscaldare-il-palazzetto\/#breadcrumb"},"inLanguage":"it-IT","potentialAction":[{"@type":"ReadAction","target":["https:\/\/progettotouring.it\/radiotouring104\/2026\/09\/04\/domotek-volley-dopo-il-caldo-estivo-si-pensa-gia-a-riscaldare-il-palazzetto\/"]}]},{"@type":"ImageObject","inLanguage":"it-IT","@id":"https:\/\/progettotouring.it\/radiotouring104\/2026\/09\/04\/domotek-volley-dopo-il-caldo-estivo-si-pensa-gia-a-riscaldare-il-palazzetto\/#primaryimage","url":"https:\/\/progettotouring.it\/radiotouring104\/wp-content\/uploads\/sites\/6\/2026\/09\/images.jpeg","contentUrl":"https:\/\/progettotouring.it\/radiotouring104\/wp-content\/uploads\/sites\/6\/2026\/09\/images.jpeg","width":738,"height":416},{"@type":"BreadcrumbList","@id":"https:\/\/progettotouring.it\/radiotouring104\/2026\/09\/04\/domotek-volley-dopo-il-caldo-estivo-si-pensa-gia-a-riscaldare-il-palazzetto\/#breadcrumb","itemListElement":[{"@type":"ListItem","position":1,"name":"Home","item":"https:\/\/progettotouring.it\/radiotouring104\/"},{"@type":"ListItem","position":2,"name":"Domotek Volley: dopo il caldo estivo si pensa gi\u00e0 a riscaldare il palazzetto"}]},{"@type":"WebSite","@id":"https:\/\/progettotouring.it\/radiotouring104\/#website","url":"https:\/\/progettotouring.it\/radiotouring104\/","name":"Radio Touring 104","description":"La prima radio Reggina","publisher":{"@id":"https:\/\/progettotouring.it\/radiotouring104\/#organization"},"potentialAction":[{"@type":"SearchAction","target":{"@type":"EntryPoint","urlTemplate":"https:\/\/progettotouring.it\/radiotouring104\/?s={search_term_string}"},"query-input":{"@type":"PropertyValueSpecification","valueRequired":true,"valueName":"search_term_string"}}],"inLanguage":"it-IT"},{"@type":"Organization","@id":"https:\/\/progettotouring.it\/radiotouring104\/#organization","name":"Radio Touring 104","url":"https:\/\/progettotouring.it\/radiotouring104\/","logo":{"@type":"ImageObject","inLanguage":"it-IT","@id":"https:\/\/progettotouring.it\/radiotouring104\/#\/schema\/logo\/image\/","url":"https:\/\/progettotouring.it\/radiotouring104\/wp-content\/uploads\/sites\/6\/2022\/02\/cropped-logo-radio-touring-104.png","contentUrl":"https:\/\/progettotouring.it\/radiotouring104\/wp-content\/uploads\/sites\/6\/2022\/02\/cropped-logo-radio-touring-104.png","width":377,"height":182,"caption":"Radio Touring 104"},"image":{"@id":"https:\/\/progettotouring.it\/radiotouring104\/#\/schema\/logo\/image\/"}},{"@type":"Person","@id":"https:\/\/progettotouring.it\/radiotouring104\/#\/schema\/person\/92dd4a2e5429171c85110a1ce1eecd09","name":"Isabella Palamara","image":{"@type":"ImageObject","inLanguage":"it-IT","@id":"https:\/\/secure.gravatar.com\/avatar\/dd734916cd3d10771e0d86bdaa07a7d3d2e3720e11de916d6d7cc340797c4adf?s=96&d=mm&r=g","url":"https:\/\/secure.gravatar.com\/avatar\/dd734916cd3d10771e0d86bdaa07a7d3d2e3720e11de916d6d7cc340797c4adf?s=96&d=mm&r=g","contentUrl":"https:\/\/secure.gravatar.com\/avatar\/dd734916cd3d10771e0d86bdaa07a7d3d2e3720e11de916d6d7cc340797c4adf?s=96&d=mm&r=g","caption":"Isabella Palamara"},"url":"https:\/\/progettotouring.it\/radiotouring104\/author\/isabella\/"}]}},"jetpack_publicize_connections":[],"jetpack_sharing_enabled":true,"jetpack_featured_media_url":"https:\/\/progettotouring.it\/radiotouring104\/wp-content\/uploads\/sites\/6\/2026\/09\/images.jpeg","_links":{"self":[{"href":"https:\/\/progettotouring.it\/radiotouring104\/wp-json\/wp\/v2\/posts\/99764","targetHints":{"allow":["GET"]}}],"collection":[{"href":"https:\/\/progettotouring.it\/radiotouring104\/wp-json\/wp\/v2\/posts"}],"about":[{"href":"https:\/\/progettotouring.it\/radiotouring104\/wp-json\/wp\/v2\/types\/post"}],"author":[{"embeddable":true,"href":"https:\/\/progettotouring.it\/radiotouring104\/wp-json\/wp\/v2\/users\/23"}],"replies":[{"embeddable":true,"href":"https:\/\/progettotouring.it\/radiotouring104\/wp-json\/wp\/v2\/comments?post=99764"}],"version-history":[{"count":1,"href":"https:\/\/progettotouring.it\/radiotouring104\/wp-json\/wp\/v2\/posts\/99764\/revisions"}],"predecessor-version":[{"id":99768,"href":"https:\/\/progettotouring.it\/radiotouring104\/wp-json\/wp\/v2\/posts\/99764\/revisions\/99768"}],"wp:featuredmedia":[{"embeddable":true,"href":"https:\/\/progettotouring.it\/radiotouring104\/wp-json\/wp\/v2\/media\/99766"}],"wp:attachment":[{"href":"https:\/\/progettotouring.it\/radiotouring104\/wp-json\/wp\/v2\/media?parent=99764"}],"wp:term":[{"taxonomy":"category","embeddable":true,"href":"https:\/\/progettotouring.it\/radiotouring104\/wp-json\/wp\/v2\/categories?post=99764"},{"taxonomy":"post_tag","embeddable":true,"href":"https:\/\/progettotouring.it\/radiotouring104\/wp-json\/wp\/v2\/tags?post=99764"}],"curies":[{"name":"wp","href":"https:\/\/api.w.org\/{rel}","templated":true}]}}