{"id":99776,"date":"2026-09-06T21:48:40","date_gmt":"2026-09-06T19:48:40","guid":{"rendered":"https:\/\/progettotouring.it\/radiotouring104\/?p=99776"},"modified":"2026-09-06T21:48:40","modified_gmt":"2026-09-06T19:48:40","slug":"la-reggina-ce-netta-vittoria-allesordio-stagionale","status":"publish","type":"post","link":"https:\/\/progettotouring.it\/radiotouring104\/2026\/09\/06\/la-reggina-ce-netta-vittoria-allesordio-stagionale\/","title":{"rendered":"La Reggina c&#8217;\u00e8: netta vittoria all&#8217;esordio stagionale"},"content":{"rendered":"<p><strong>9 minuti<\/strong>: questo il tempo trascorso per sbloccare il risultato senza l&#8217;agevolazione dell&#8217;uomo in pi\u00f9 che aveva condizionato l&#8217;incontro di Coppa Italia di domenica scorsa. A proposito: oggi il Praia Tortora ha vinto in trasferta con l&#8217;Enna con il medesimo risultato registrato oggi al Granillo: <strong>5-0 . <\/strong>Da ci\u00f2 la conferma che le giocate dei primi 20 minuti contro la Reggina non fossero casuali ma frutto di un&#8217;impostazione tattica ben precisa.<\/p>\n<p><strong>9 minuti<\/strong> per far capire<strong> ai 5.227 spettatori<\/strong>, al lordo di una ventina di tifosi ospiti, che, oggi, il numero 9 della Reggina \u00e8 <strong>Matheus<\/strong> <strong>Reis<\/strong> e segna. Si, perch\u00e9 Reis sta dimostrando di vedere la porta, concretizzare i palloni che riceve, fornire assist al compagno meglio piazzato, vedi raddoppio di Rotulo e, perch\u00e9 no, aiutare la squadra rincorrendo l&#8217;avversario.<\/p>\n<p>Non \u00e8 il caso di esaltarsi ma questo ventiduenne incarna le <strong>caratteristiche dell&#8217;attaccante moderno: mobile, fisicamente solido, buona tecnica e, non ultimo, fiuto del gol.<\/strong><\/p>\n<p>Chiss\u00e0 che non possa essere la <strong>sorpresa<\/strong> nel reparto di attacco che oggi ha visto l&#8217;esordio <strong>del pi\u00f9 titolato Magrassi<\/strong> subentratogli al 13\u00b0 del secondo tempo ma ancora in evidente ritardo di condizione.<\/p>\n<p>Per la cronaca, prima del gol, la Reggina si era resa pericolosa gi\u00e0 al secondo minuto con un colpo di testa di Abonckelet, finito fuori non di poco, a cui il Licata aveva risposto con una percussione da destra e un <strong>assist a Minacori<\/strong> che, fortunatamente, <strong>ha sparato alto sulla traversa da buona posizione<\/strong>.<\/p>\n<p>Poi, sbloccato il risultato, solo Reggina con ( 13\u00b0 minuto) il solito Abonckelet che, <strong>incontenibile in area<\/strong>, esalta Valenti, miracoloso nel respingere con reattivit\u00e0 il pallone da pochi metri, al netto di un&#8217;indecisione di Lagonigro che, tergiversando su un rinvio, per evitare problemi pi\u00f9 grossi, \u00e8 costretto a bloccare il pallone con le mani determinando un calcio di punizione a due in area: l&#8217;opportunit\u00e0 per gli ospiti non \u00e8 stata sfruttata pericolosamente dagli uomini di Russo.<\/p>\n<p><strong>Il terzo gol, al 4\u00b0 del s.t., di Abonckelet ha chiuso la partita e, per dovere di cronaca, ricordiamo solo i successivi gol: di Alma (7\u00b0 s.t.) e di Rossetti ( 31esimo s.t.).<\/strong><\/p>\n<p>In sala stampa mister Marchionni ha <strong>minimizzato i problemi fisici di Guida e Abonckelet<\/strong> usciti anzitempo dal terreno di gioco.<\/p>\n<p>In attesa della <strong>prima trasferta stagionale<\/strong>, a <strong>Modica<\/strong>, un&#8217;altra neopromossa, i tifosi potranno godere della netta vittoria ma, soprattutto, di una prestazione che lascia ben sperare per il prosieguo.<\/p>\n<p><strong>E, se \u00e8 vero che chi ben comincia&#8230;<\/strong><\/p>\n<p>&nbsp;<\/p>\n","protected":false},"excerpt":{"rendered":"<p>9 minuti: questo il tempo trascorso per sbloccare il risultato senza l&#8217;agevolazione dell&#8217;uomo in pi\u00f9 che aveva condizionato l&#8217;incontro di Coppa Italia di domenica scorsa. A proposito: oggi il Praia&hellip;<\/p>\n","protected":false},"author":19,"featured_media":99782,"comment_status":"closed","ping_status":"open","sticky":false,"template":"","format":"standard","meta":{"_jetpack_newsletter_access":"","_jetpack_dont_email_post_to_subs":false,"_jetpack_newsletter_tier_id":0,"_jetpack_memberships_contains_paywalled_content":false,"_jetpack_feature_clip_id":0,"_jetpack_memberships_contains_paid_content":false,"footnotes":"","jetpack_publicize_message":"","jetpack_publicize_feature_enabled":true,"jetpack_social_post_already_shared":true,"jetpack_social_options":{"image_generator_settings":{"template":"highway","default_image_id":0,"font":"","enabled":false},"version":2},"jetpack_post_was_ever_published":false},"categories":[150,196,144],"tags":[],"class_list":["post-99776","post","type-post","status-publish","format-standard","has-post-thumbnail","hentry","category-in-primo-piano","category-news","category-sport"],"yoast_head":"<!-- This site is optimized with the Yoast SEO plugin v28.3 - https:\/\/yoast.com\/product\/yoast-seo-wordpress\/ -->\n<title>La Reggina c&#039;\u00e8: netta vittoria all&#039;esordio stagionale - Radio Touring 104<\/title>\n<meta name=\"description\" content=\"Al Granillo gli amaranto battono il Licata con un rotondo cinque a zero\" \/>\n<meta name=\"robots\" content=\"index, follow, max-snippet:-1, max-image-preview:large, max-video-preview:-1\" \/>\n<link rel=\"canonical\" href=\"https:\/\/progettotouring.it\/radiotouring104\/2026\/09\/06\/la-reggina-ce-netta-vittoria-allesordio-stagionale\/\" \/>\n<meta property=\"og:locale\" content=\"it_IT\" \/>\n<meta property=\"og:type\" content=\"article\" \/>\n<meta property=\"og:title\" content=\"La Reggina c&#039;\u00e8: netta vittoria all&#039;esordio stagionale - Radio Touring 104\" \/>\n<meta property=\"og:description\" content=\"Al Granillo gli amaranto battono il Licata con un rotondo cinque a zero\" \/>\n<meta property=\"og:url\" content=\"https:\/\/progettotouring.it\/radiotouring104\/2026\/09\/06\/la-reggina-ce-netta-vittoria-allesordio-stagionale\/\" \/>\n<meta property=\"og:site_name\" content=\"Radio Touring 104\" \/>\n<meta property=\"article:published_time\" content=\"2026-09-06T19:48:40+00:00\" \/>\n<meta property=\"og:image\" content=\"https:\/\/progettotouring.it\/radiotouring104\/wp-content\/uploads\/sites\/6\/2026\/09\/IMMAGINI-X-SITO-54.jpg\" \/>\n\t<meta property=\"og:image:width\" content=\"2000\" \/>\n\t<meta property=\"og:image:height\" content=\"1545\" \/>\n\t<meta property=\"og:image:type\" content=\"image\/jpeg\" \/>\n<meta name=\"author\" content=\"S L\" \/>\n<meta name=\"twitter:card\" content=\"summary_large_image\" \/>\n<meta name=\"twitter:label1\" content=\"Scritto da\" \/>\n\t<meta name=\"twitter:data1\" content=\"S L\" \/>\n\t<meta name=\"twitter:label2\" content=\"Tempo di lettura stimato\" \/>\n\t<meta name=\"twitter:data2\" content=\"2 minuti\" \/>\n<script type=\"application\/ld+json\" class=\"yoast-schema-graph\">{\"@context\":\"https:\\\/\\\/schema.org\",\"@graph\":[{\"@type\":\"Article\",\"@id\":\"https:\\\/\\\/progettotouring.it\\\/radiotouring104\\\/2026\\\/09\\\/06\\\/la-reggina-ce-netta-vittoria-allesordio-stagionale\\\/#article\",\"isPartOf\":{\"@id\":\"https:\\\/\\\/progettotouring.it\\\/radiotouring104\\\/2026\\\/09\\\/06\\\/la-reggina-ce-netta-vittoria-allesordio-stagionale\\\/\"},\"author\":{\"name\":\"S L\",\"@id\":\"https:\\\/\\\/progettotouring.it\\\/radiotouring104\\\/#\\\/schema\\\/person\\\/b9f9c3730b0a78814c9b9f3bfc52c619\"},\"headline\":\"La Reggina c&#8217;\u00e8: netta vittoria all&#8217;esordio stagionale\",\"datePublished\":\"2026-09-06T19:48:40+00:00\",\"mainEntityOfPage\":{\"@id\":\"https:\\\/\\\/progettotouring.it\\\/radiotouring104\\\/2026\\\/09\\\/06\\\/la-reggina-ce-netta-vittoria-allesordio-stagionale\\\/\"},\"wordCount\":403,\"publisher\":{\"@id\":\"https:\\\/\\\/progettotouring.it\\\/radiotouring104\\\/#organization\"},\"image\":{\"@id\":\"https:\\\/\\\/progettotouring.it\\\/radiotouring104\\\/2026\\\/09\\\/06\\\/la-reggina-ce-netta-vittoria-allesordio-stagionale\\\/#primaryimage\"},\"thumbnailUrl\":\"https:\\\/\\\/progettotouring.it\\\/radiotouring104\\\/wp-content\\\/uploads\\\/sites\\\/6\\\/2026\\\/09\\\/IMMAGINI-X-SITO-54.jpg\",\"articleSection\":[\"In primo piano\",\"News\",\"Sport\"],\"inLanguage\":\"it-IT\"},{\"@type\":\"WebPage\",\"@id\":\"https:\\\/\\\/progettotouring.it\\\/radiotouring104\\\/2026\\\/09\\\/06\\\/la-reggina-ce-netta-vittoria-allesordio-stagionale\\\/\",\"url\":\"https:\\\/\\\/progettotouring.it\\\/radiotouring104\\\/2026\\\/09\\\/06\\\/la-reggina-ce-netta-vittoria-allesordio-stagionale\\\/\",\"name\":\"La Reggina c'\u00e8: netta vittoria all'esordio stagionale - Radio Touring 104\",\"isPartOf\":{\"@id\":\"https:\\\/\\\/progettotouring.it\\\/radiotouring104\\\/#website\"},\"primaryImageOfPage\":{\"@id\":\"https:\\\/\\\/progettotouring.it\\\/radiotouring104\\\/2026\\\/09\\\/06\\\/la-reggina-ce-netta-vittoria-allesordio-stagionale\\\/#primaryimage\"},\"image\":{\"@id\":\"https:\\\/\\\/progettotouring.it\\\/radiotouring104\\\/2026\\\/09\\\/06\\\/la-reggina-ce-netta-vittoria-allesordio-stagionale\\\/#primaryimage\"},\"thumbnailUrl\":\"https:\\\/\\\/progettotouring.it\\\/radiotouring104\\\/wp-content\\\/uploads\\\/sites\\\/6\\\/2026\\\/09\\\/IMMAGINI-X-SITO-54.jpg\",\"datePublished\":\"2026-09-06T19:48:40+00:00\",\"description\":\"Al Granillo gli amaranto battono il Licata con un rotondo cinque a zero\",\"breadcrumb\":{\"@id\":\"https:\\\/\\\/progettotouring.it\\\/radiotouring104\\\/2026\\\/09\\\/06\\\/la-reggina-ce-netta-vittoria-allesordio-stagionale\\\/#breadcrumb\"},\"inLanguage\":\"it-IT\",\"potentialAction\":[{\"@type\":\"ReadAction\",\"target\":[\"https:\\\/\\\/progettotouring.it\\\/radiotouring104\\\/2026\\\/09\\\/06\\\/la-reggina-ce-netta-vittoria-allesordio-stagionale\\\/\"]}]},{\"@type\":\"ImageObject\",\"inLanguage\":\"it-IT\",\"@id\":\"https:\\\/\\\/progettotouring.it\\\/radiotouring104\\\/2026\\\/09\\\/06\\\/la-reggina-ce-netta-vittoria-allesordio-stagionale\\\/#primaryimage\",\"url\":\"https:\\\/\\\/progettotouring.it\\\/radiotouring104\\\/wp-content\\\/uploads\\\/sites\\\/6\\\/2026\\\/09\\\/IMMAGINI-X-SITO-54.jpg\",\"contentUrl\":\"https:\\\/\\\/progettotouring.it\\\/radiotouring104\\\/wp-content\\\/uploads\\\/sites\\\/6\\\/2026\\\/09\\\/IMMAGINI-X-SITO-54.jpg\",\"width\":2000,\"height\":1545},{\"@type\":\"BreadcrumbList\",\"@id\":\"https:\\\/\\\/progettotouring.it\\\/radiotouring104\\\/2026\\\/09\\\/06\\\/la-reggina-ce-netta-vittoria-allesordio-stagionale\\\/#breadcrumb\",\"itemListElement\":[{\"@type\":\"ListItem\",\"position\":1,\"name\":\"Home\",\"item\":\"https:\\\/\\\/progettotouring.it\\\/radiotouring104\\\/\"},{\"@type\":\"ListItem\",\"position\":2,\"name\":\"La Reggina c&#8217;\u00e8: netta vittoria all&#8217;esordio stagionale\"}]},{\"@type\":\"WebSite\",\"@id\":\"https:\\\/\\\/progettotouring.it\\\/radiotouring104\\\/#website\",\"url\":\"https:\\\/\\\/progettotouring.it\\\/radiotouring104\\\/\",\"name\":\"Radio Touring 104\",\"description\":\"La prima radio Reggina\",\"publisher\":{\"@id\":\"https:\\\/\\\/progettotouring.it\\\/radiotouring104\\\/#organization\"},\"potentialAction\":[{\"@type\":\"SearchAction\",\"target\":{\"@type\":\"EntryPoint\",\"urlTemplate\":\"https:\\\/\\\/progettotouring.it\\\/radiotouring104\\\/?s={search_term_string}\"},\"query-input\":{\"@type\":\"PropertyValueSpecification\",\"valueRequired\":true,\"valueName\":\"search_term_string\"}}],\"inLanguage\":\"it-IT\"},{\"@type\":\"Organization\",\"@id\":\"https:\\\/\\\/progettotouring.it\\\/radiotouring104\\\/#organization\",\"name\":\"Radio Touring 104\",\"url\":\"https:\\\/\\\/progettotouring.it\\\/radiotouring104\\\/\",\"logo\":{\"@type\":\"ImageObject\",\"inLanguage\":\"it-IT\",\"@id\":\"https:\\\/\\\/progettotouring.it\\\/radiotouring104\\\/#\\\/schema\\\/logo\\\/image\\\/\",\"url\":\"https:\\\/\\\/progettotouring.it\\\/radiotouring104\\\/wp-content\\\/uploads\\\/sites\\\/6\\\/2022\\\/02\\\/cropped-logo-radio-touring-104.png\",\"contentUrl\":\"https:\\\/\\\/progettotouring.it\\\/radiotouring104\\\/wp-content\\\/uploads\\\/sites\\\/6\\\/2022\\\/02\\\/cropped-logo-radio-touring-104.png\",\"width\":377,\"height\":182,\"caption\":\"Radio Touring 104\"},\"image\":{\"@id\":\"https:\\\/\\\/progettotouring.it\\\/radiotouring104\\\/#\\\/schema\\\/logo\\\/image\\\/\"}},{\"@type\":\"Person\",\"@id\":\"https:\\\/\\\/progettotouring.it\\\/radiotouring104\\\/#\\\/schema\\\/person\\\/b9f9c3730b0a78814c9b9f3bfc52c619\",\"name\":\"S L\",\"image\":{\"@type\":\"ImageObject\",\"inLanguage\":\"it-IT\",\"@id\":\"https:\\\/\\\/secure.gravatar.com\\\/avatar\\\/652c51789d7030aaed9ff828331360502a68204fe6fb0831bc280515210e16d2?s=96&d=mm&r=g\",\"url\":\"https:\\\/\\\/secure.gravatar.com\\\/avatar\\\/652c51789d7030aaed9ff828331360502a68204fe6fb0831bc280515210e16d2?s=96&d=mm&r=g\",\"contentUrl\":\"https:\\\/\\\/secure.gravatar.com\\\/avatar\\\/652c51789d7030aaed9ff828331360502a68204fe6fb0831bc280515210e16d2?s=96&d=mm&r=g\",\"caption\":\"S L\"},\"url\":\"https:\\\/\\\/progettotouring.it\\\/radiotouring104\\\/author\\\/slibri\\\/\"}]}<\/script>\n<!-- \/ Yoast SEO plugin. -->","yoast_head_json":{"title":"La Reggina c'\u00e8: netta vittoria all'esordio stagionale - Radio Touring 104","description":"Al Granillo gli amaranto battono il Licata con un rotondo cinque a zero","robots":{"index":"index","follow":"follow","max-snippet":"max-snippet:-1","max-image-preview":"max-image-preview:large","max-video-preview":"max-video-preview:-1"},"canonical":"https:\/\/progettotouring.it\/radiotouring104\/2026\/09\/06\/la-reggina-ce-netta-vittoria-allesordio-stagionale\/","og_locale":"it_IT","og_type":"article","og_title":"La Reggina c'\u00e8: netta vittoria all'esordio stagionale - Radio Touring 104","og_description":"Al Granillo gli amaranto battono il Licata con un rotondo cinque a zero","og_url":"https:\/\/progettotouring.it\/radiotouring104\/2026\/09\/06\/la-reggina-ce-netta-vittoria-allesordio-stagionale\/","og_site_name":"Radio Touring 104","article_published_time":"2026-09-06T19:48:40+00:00","og_image":[{"width":2000,"height":1545,"url":"https:\/\/progettotouring.it\/radiotouring104\/wp-content\/uploads\/sites\/6\/2026\/09\/IMMAGINI-X-SITO-54.jpg","type":"image\/jpeg"}],"author":"S L","twitter_card":"summary_large_image","twitter_misc":{"Scritto da":"S L","Tempo di lettura stimato":"2 minuti"},"schema":{"@context":"https:\/\/schema.org","@graph":[{"@type":"Article","@id":"https:\/\/progettotouring.it\/radiotouring104\/2026\/09\/06\/la-reggina-ce-netta-vittoria-allesordio-stagionale\/#article","isPartOf":{"@id":"https:\/\/progettotouring.it\/radiotouring104\/2026\/09\/06\/la-reggina-ce-netta-vittoria-allesordio-stagionale\/"},"author":{"name":"S L","@id":"https:\/\/progettotouring.it\/radiotouring104\/#\/schema\/person\/b9f9c3730b0a78814c9b9f3bfc52c619"},"headline":"La Reggina c&#8217;\u00e8: netta vittoria all&#8217;esordio stagionale","datePublished":"2026-09-06T19:48:40+00:00","mainEntityOfPage":{"@id":"https:\/\/progettotouring.it\/radiotouring104\/2026\/09\/06\/la-reggina-ce-netta-vittoria-allesordio-stagionale\/"},"wordCount":403,"publisher":{"@id":"https:\/\/progettotouring.it\/radiotouring104\/#organization"},"image":{"@id":"https:\/\/progettotouring.it\/radiotouring104\/2026\/09\/06\/la-reggina-ce-netta-vittoria-allesordio-stagionale\/#primaryimage"},"thumbnailUrl":"https:\/\/progettotouring.it\/radiotouring104\/wp-content\/uploads\/sites\/6\/2026\/09\/IMMAGINI-X-SITO-54.jpg","articleSection":["In primo piano","News","Sport"],"inLanguage":"it-IT"},{"@type":"WebPage","@id":"https:\/\/progettotouring.it\/radiotouring104\/2026\/09\/06\/la-reggina-ce-netta-vittoria-allesordio-stagionale\/","url":"https:\/\/progettotouring.it\/radiotouring104\/2026\/09\/06\/la-reggina-ce-netta-vittoria-allesordio-stagionale\/","name":"La Reggina c'\u00e8: netta vittoria all'esordio stagionale - Radio Touring 104","isPartOf":{"@id":"https:\/\/progettotouring.it\/radiotouring104\/#website"},"primaryImageOfPage":{"@id":"https:\/\/progettotouring.it\/radiotouring104\/2026\/09\/06\/la-reggina-ce-netta-vittoria-allesordio-stagionale\/#primaryimage"},"image":{"@id":"https:\/\/progettotouring.it\/radiotouring104\/2026\/09\/06\/la-reggina-ce-netta-vittoria-allesordio-stagionale\/#primaryimage"},"thumbnailUrl":"https:\/\/progettotouring.it\/radiotouring104\/wp-content\/uploads\/sites\/6\/2026\/09\/IMMAGINI-X-SITO-54.jpg","datePublished":"2026-09-06T19:48:40+00:00","description":"Al Granillo gli amaranto battono il Licata con un rotondo cinque a zero","breadcrumb":{"@id":"https:\/\/progettotouring.it\/radiotouring104\/2026\/09\/06\/la-reggina-ce-netta-vittoria-allesordio-stagionale\/#breadcrumb"},"inLanguage":"it-IT","potentialAction":[{"@type":"ReadAction","target":["https:\/\/progettotouring.it\/radiotouring104\/2026\/09\/06\/la-reggina-ce-netta-vittoria-allesordio-stagionale\/"]}]},{"@type":"ImageObject","inLanguage":"it-IT","@id":"https:\/\/progettotouring.it\/radiotouring104\/2026\/09\/06\/la-reggina-ce-netta-vittoria-allesordio-stagionale\/#primaryimage","url":"https:\/\/progettotouring.it\/radiotouring104\/wp-content\/uploads\/sites\/6\/2026\/09\/IMMAGINI-X-SITO-54.jpg","contentUrl":"https:\/\/progettotouring.it\/radiotouring104\/wp-content\/uploads\/sites\/6\/2026\/09\/IMMAGINI-X-SITO-54.jpg","width":2000,"height":1545},{"@type":"BreadcrumbList","@id":"https:\/\/progettotouring.it\/radiotouring104\/2026\/09\/06\/la-reggina-ce-netta-vittoria-allesordio-stagionale\/#breadcrumb","itemListElement":[{"@type":"ListItem","position":1,"name":"Home","item":"https:\/\/progettotouring.it\/radiotouring104\/"},{"@type":"ListItem","position":2,"name":"La Reggina c&#8217;\u00e8: netta vittoria all&#8217;esordio stagionale"}]},{"@type":"WebSite","@id":"https:\/\/progettotouring.it\/radiotouring104\/#website","url":"https:\/\/progettotouring.it\/radiotouring104\/","name":"Radio Touring 104","description":"La prima radio Reggina","publisher":{"@id":"https:\/\/progettotouring.it\/radiotouring104\/#organization"},"potentialAction":[{"@type":"SearchAction","target":{"@type":"EntryPoint","urlTemplate":"https:\/\/progettotouring.it\/radiotouring104\/?s={search_term_string}"},"query-input":{"@type":"PropertyValueSpecification","valueRequired":true,"valueName":"search_term_string"}}],"inLanguage":"it-IT"},{"@type":"Organization","@id":"https:\/\/progettotouring.it\/radiotouring104\/#organization","name":"Radio Touring 104","url":"https:\/\/progettotouring.it\/radiotouring104\/","logo":{"@type":"ImageObject","inLanguage":"it-IT","@id":"https:\/\/progettotouring.it\/radiotouring104\/#\/schema\/logo\/image\/","url":"https:\/\/progettotouring.it\/radiotouring104\/wp-content\/uploads\/sites\/6\/2022\/02\/cropped-logo-radio-touring-104.png","contentUrl":"https:\/\/progettotouring.it\/radiotouring104\/wp-content\/uploads\/sites\/6\/2022\/02\/cropped-logo-radio-touring-104.png","width":377,"height":182,"caption":"Radio Touring 104"},"image":{"@id":"https:\/\/progettotouring.it\/radiotouring104\/#\/schema\/logo\/image\/"}},{"@type":"Person","@id":"https:\/\/progettotouring.it\/radiotouring104\/#\/schema\/person\/b9f9c3730b0a78814c9b9f3bfc52c619","name":"S L","image":{"@type":"ImageObject","inLanguage":"it-IT","@id":"https:\/\/secure.gravatar.com\/avatar\/652c51789d7030aaed9ff828331360502a68204fe6fb0831bc280515210e16d2?s=96&d=mm&r=g","url":"https:\/\/secure.gravatar.com\/avatar\/652c51789d7030aaed9ff828331360502a68204fe6fb0831bc280515210e16d2?s=96&d=mm&r=g","contentUrl":"https:\/\/secure.gravatar.com\/avatar\/652c51789d7030aaed9ff828331360502a68204fe6fb0831bc280515210e16d2?s=96&d=mm&r=g","caption":"S L"},"url":"https:\/\/progettotouring.it\/radiotouring104\/author\/slibri\/"}]}},"jetpack_publicize_connections":[],"jetpack_sharing_enabled":true,"jetpack_featured_media_url":"https:\/\/progettotouring.it\/radiotouring104\/wp-content\/uploads\/sites\/6\/2026\/09\/IMMAGINI-X-SITO-54.jpg","_links":{"self":[{"href":"https:\/\/progettotouring.it\/radiotouring104\/wp-json\/wp\/v2\/posts\/99776","targetHints":{"allow":["GET"]}}],"collection":[{"href":"https:\/\/progettotouring.it\/radiotouring104\/wp-json\/wp\/v2\/posts"}],"about":[{"href":"https:\/\/progettotouring.it\/radiotouring104\/wp-json\/wp\/v2\/types\/post"}],"author":[{"embeddable":true,"href":"https:\/\/progettotouring.it\/radiotouring104\/wp-json\/wp\/v2\/users\/19"}],"replies":[{"embeddable":true,"href":"https:\/\/progettotouring.it\/radiotouring104\/wp-json\/wp\/v2\/comments?post=99776"}],"version-history":[{"count":6,"href":"https:\/\/progettotouring.it\/radiotouring104\/wp-json\/wp\/v2\/posts\/99776\/revisions"}],"predecessor-version":[{"id":99784,"href":"https:\/\/progettotouring.it\/radiotouring104\/wp-json\/wp\/v2\/posts\/99776\/revisions\/99784"}],"wp:featuredmedia":[{"embeddable":true,"href":"https:\/\/progettotouring.it\/radiotouring104\/wp-json\/wp\/v2\/media\/99782"}],"wp:attachment":[{"href":"https:\/\/progettotouring.it\/radiotouring104\/wp-json\/wp\/v2\/media?parent=99776"}],"wp:term":[{"taxonomy":"category","embeddable":true,"href":"https:\/\/progettotouring.it\/radiotouring104\/wp-json\/wp\/v2\/categories?post=99776"},{"taxonomy":"post_tag","embeddable":true,"href":"https:\/\/progettotouring.it\/radiotouring104\/wp-json\/wp\/v2\/tags?post=99776"}],"curies":[{"name":"wp","href":"https:\/\/api.w.org\/{rel}","templated":true}]}}